{"id":33190,"date":"2021-09-17T15:42:05","date_gmt":"2021-09-17T18:42:05","guid":{"rendered":"http:\/\/www.centraldenoticias.com.ar\/?p=33190"},"modified":"2021-09-17T15:42:05","modified_gmt":"2021-09-17T18:42:05","slug":"magdalena-jungblut-viuda-de-stoessel-blanca-q-e-p-d","status":"publish","type":"post","link":"https:\/\/cdnoticias.com\/index.php\/2021\/09\/17\/magdalena-jungblut-viuda-de-stoessel-blanca-q-e-p-d\/","title":{"rendered":"Magdalena Jungblut viuda de Stoessel &#8220;Blanca&#8221; (Q.E.P.D)"},"content":{"rendered":"<p>Falleci\u00f3 en Olavarr\u00eda el d\u00eda 17 de septiembre de 2021 a los 78 a\u00f1os de edad. Sus hijos, sus hijos pol\u00edticos, sus nietos, sus nietos pol\u00edticos, sus bisnietos, sus hermanos, sus hermanos pol\u00edticos, sus sobrinos y dem\u00e1s deudos participan su fallecimiento.<\/p>\n<p>&nbsp;<\/p>\n<p>Velatorio:\u00a0Sala &#8220;A &#8221; de Sierras Bayas, M. Smirnoff 2663. Comienza 9:30. Responso:\u00a0Capilla Ardiente. Inhumaci\u00f3n:\u00a0 Cementerio de Colonia San Miguel, s\u00e1bado 18 de Septiembre a las 11:30. Servicio Adherido a Coopelectric.<\/p>\n<p>Barrio en el que viv\u00eda: Colonia San Miguel<\/p>\n<p>Lugar de nacimiento: Colonia Hinojo<\/p>\n<p>Actividad que desarrollaba: Jubilada y pensionada\u00a0<span style=\"color: #888888;\"><\/p>\n<p><\/span><\/p>\n","protected":false},"excerpt":{"rendered":"<p>Falleci\u00f3 en Olavarr\u00eda el d\u00eda 17 de septiembre de 2021 a los 78 a\u00f1os de edad. Sus hijos, sus hijos<\/p>\n","protected":false},"author":6,"featured_media":0,"comment_status":"closed","ping_status":"closed","sticky":false,"template":"","format":"standard","meta":{"_jetpack_memberships_contains_paid_content":false,"footnotes":""},"categories":[10],"tags":[],"class_list":["post-33190","post","type-post","status-publish","format-standard","hentry","category-necrologicas"],"jetpack_featured_media_url":"","jetpack_sharing_enabled":true,"_links":{"self":[{"href":"https:\/\/cdnoticias.com\/index.php\/wp-json\/wp\/v2\/posts\/33190","targetHints":{"allow":["GET"]}}],"collection":[{"href":"https:\/\/cdnoticias.com\/index.php\/wp-json\/wp\/v2\/posts"}],"about":[{"href":"https:\/\/cdnoticias.com\/index.php\/wp-json\/wp\/v2\/types\/post"}],"author":[{"embeddable":true,"href":"https:\/\/cdnoticias.com\/index.php\/wp-json\/wp\/v2\/users\/6"}],"replies":[{"embeddable":true,"href":"https:\/\/cdnoticias.com\/index.php\/wp-json\/wp\/v2\/comments?post=33190"}],"version-history":[{"count":0,"href":"https:\/\/cdnoticias.com\/index.php\/wp-json\/wp\/v2\/posts\/33190\/revisions"}],"wp:attachment":[{"href":"https:\/\/cdnoticias.com\/index.php\/wp-json\/wp\/v2\/media?parent=33190"}],"wp:term":[{"taxonomy":"category","embeddable":true,"href":"https:\/\/cdnoticias.com\/index.php\/wp-json\/wp\/v2\/categories?post=33190"},{"taxonomy":"post_tag","embeddable":true,"href":"https:\/\/cdnoticias.com\/index.php\/wp-json\/wp\/v2\/tags?post=33190"}],"curies":[{"name":"wp","href":"https:\/\/api.w.org\/{rel}","templated":true}]}}