{"id":33177,"date":"2021-09-17T13:25:15","date_gmt":"2021-09-17T16:25:15","guid":{"rendered":"http:\/\/www.centraldenoticias.com.ar\/?p=33177"},"modified":"2021-09-17T13:31:25","modified_gmt":"2021-09-17T16:31:25","slug":"paso-2021-sin-una-palabra-en-publico-kicillof-sigue-en-reuniones","status":"publish","type":"post","link":"https:\/\/cdnoticias.com\/index.php\/2021\/09\/17\/paso-2021-sin-una-palabra-en-publico-kicillof-sigue-en-reuniones\/","title":{"rendered":"PASO 2021: sin una palabra en p\u00fablico, Kicillof sigue en reuniones"},"content":{"rendered":"<p>Los encuentros con intendentes oficialistas tienen como objetivo analizar el resultado electoral y organizar para noviembre una campa\u00f1a &#8220;m\u00e1s sectorizada&#8221;. Este viernes se har\u00e1 la \u00faltima reuni\u00f3n.<!--more--><\/p>\n<hr \/>\n<p><strong>Axel Kicillof cerrar\u00e1 este viernes la ronda de reuniones con intendentes del Frente de Todos para apuntalar la campa\u00f1a<\/strong>. Esta vez ser\u00e1 el turno de los alcaldes del interior bonaerense: ya mantuvo encuentros con jefes comunales de la Tercera y de la Primera secci\u00f3n.<\/p>\n<p>&nbsp;<\/p>\n<p>En tanto, <strong>este viernes el Gobernador encabez\u00f3 un acto en la localidad de Florencio Varela<\/strong> donde dej\u00f3 <a href=\"https:\/\/cdnoticias.com\/index.php\/2021\/09\/17\/habra-vacunacion-libre-de-segundas-dosis-para-mayores-de-60-anos\/\" target=\"_blank\" rel=\"noopener\">importantes anuncios respecto de la continuidad del Plan de Vacunaci\u00f3n contra el Covid<\/a>.<\/p>\n<p>&nbsp;<\/p>\n<blockquote><p>Si bien se esperaba que all\u00ed el mandatario hiciera alg\u00fan pronunciamiento respecto de lo sucedido en las \u00faltimos d\u00edas en que dirigentes de la coalici\u00f3n oficialista mantuvieron cruces que expusieron feroces disputas internas, Kicillof no se refiri\u00f3 al tema.<\/p><\/blockquote>\n<p>&nbsp;<\/p>\n<p><strong>Cerrar\u00e1 este viernes la ronda de reuniones con intendentes del Frente de Todos<\/strong> con el fin de analizar los resultados de las PASO y apuntalar la campa\u00f1a para noviembre. Esta vez, <strong>ser\u00e1 el turno de los alcaldes peronistas del interior, donde el crecimiento del radicalismo, a trav\u00e9s de la figura de Facundo Manes, provoc\u00f3 duras derrotas<\/strong>. El encuentro se realizar\u00e1 durante la tarde.<\/p>\n<p>&nbsp;<\/p>\n<p><img data-recalc-dims=\"1\" loading=\"lazy\" decoding=\"async\" class=\"alignnone size-full wp-image-33162\" src=\"https:\/\/i0.wp.com\/cdnoticias.com\/wp-content\/uploads\/2021\/09\/kicillof-anuncio-01.jpg?resize=800%2C445&#038;ssl=1\" alt=\"\" width=\"800\" height=\"445\" srcset=\"https:\/\/i0.wp.com\/cdnoticias.com\/wp-content\/uploads\/2021\/09\/kicillof-anuncio-01.jpg?w=862&amp;ssl=1 862w, https:\/\/i0.wp.com\/cdnoticias.com\/wp-content\/uploads\/2021\/09\/kicillof-anuncio-01.jpg?resize=300%2C167&amp;ssl=1 300w, https:\/\/i0.wp.com\/cdnoticias.com\/wp-content\/uploads\/2021\/09\/kicillof-anuncio-01.jpg?resize=768%2C428&amp;ssl=1 768w, https:\/\/i0.wp.com\/cdnoticias.com\/wp-content\/uploads\/2021\/09\/kicillof-anuncio-01.jpg?resize=800%2C445&amp;ssl=1 800w\" sizes=\"auto, (max-width: 800px) 100vw, 800px\" \/><\/p>\n<p>&nbsp;<\/p>\n<p>En medio de la crisis pol\u00edtica en el Frente de Todos, <strong>Kicillof mantiene el silencio p\u00fablico y se repliega en La Plata<\/strong>.<\/p>\n<p>&nbsp;<\/p>\n<p><strong>El mi\u00e9rcoles se hab\u00eda reunido con los jefes comunales de la Tercera secci\u00f3n<\/strong>, la \u00fanica donde el Frente de Todos sali\u00f3 victorioso, <strong>y el jueves, con los de la Primera<\/strong>.<\/p>\n<p>&nbsp;<\/p>\n<blockquote><p>De acuerdo a lo que inform\u00f3 Gobernaci\u00f3n, Kicillof repasa con los jefes comunales los resultados de las elecciones y eval\u00faa \u201clas principales demandas y necesidades de los vecinos y vecinas de los distritos para desarrollar medidas que brinden respuestas adecuadas\u201d. De las reuniones surgi\u00f3 la necesidad de relanzar una campa\u00f1a m\u00e1s sectorizada, que contemple las necesidades espec\u00edficas de cada secci\u00f3n electoral.<\/p><\/blockquote>\n<p>&nbsp;<\/p>\n<p>El mi\u00e9rcoles Kicillof se reuni\u00f3 con las intendentas de la tercera secci\u00f3n: de Ca\u00f1uelas, Marisa Fassi; de Quilmes, Mayra Mendoza, y de Presidente Per\u00f3n, Blanca Cantero; as\u00ed como los intendentes de Berazategui, Juan Jos\u00e9 Mussi; de Almirante Brown, Mariano Cascallares; de Ezeiza, Alejandro Granados; de La Matanza, Fernando Espinoza; de Florencio Varela, Andr\u00e9s Watson; de Ensenada, Mario Secco,;de Berisso, Fabi\u00e1n Cagliardi; de Avellaneda, Alejo Chornobroff, y de Punta Indio, Hern\u00e1n Y Zurieta.<\/p>\n<p>&nbsp;<\/p>\n<p><img data-recalc-dims=\"1\" loading=\"lazy\" decoding=\"async\" class=\"alignnone size-large wp-image-33178\" src=\"https:\/\/i0.wp.com\/cdnoticias.com\/wp-content\/uploads\/2021\/09\/DIB-Reunion-con-intendentes-de-la-1ra_005-1024x683-1024x683.jpg?resize=800%2C534&#038;ssl=1\" alt=\"\" width=\"800\" height=\"534\" srcset=\"https:\/\/i0.wp.com\/cdnoticias.com\/wp-content\/uploads\/2021\/09\/DIB-Reunion-con-intendentes-de-la-1ra_005-1024x683.jpg?resize=1024%2C683&amp;ssl=1 1024w, https:\/\/i0.wp.com\/cdnoticias.com\/wp-content\/uploads\/2021\/09\/DIB-Reunion-con-intendentes-de-la-1ra_005-1024x683.jpg?resize=300%2C200&amp;ssl=1 300w, https:\/\/i0.wp.com\/cdnoticias.com\/wp-content\/uploads\/2021\/09\/DIB-Reunion-con-intendentes-de-la-1ra_005-1024x683.jpg?resize=768%2C512&amp;ssl=1 768w, https:\/\/i0.wp.com\/cdnoticias.com\/wp-content\/uploads\/2021\/09\/DIB-Reunion-con-intendentes-de-la-1ra_005-1024x683.jpg?resize=272%2C182&amp;ssl=1 272w\" sizes=\"auto, (max-width: 800px) 100vw, 800px\" \/><\/p>\n<p>&nbsp;<\/p>\n<p>En tanto, el jueves mantuvo un encuentro con los jefes comunales del Frente de Todos de los distritos que componen la primera secci\u00f3n electoral. Fue en Casa de Gobierno junto a la vicegobernadora Ver\u00f3nica Magario, el jefe de Gabinete, Carlos Bianco, la ministra de Gobierno, Teresa Garc\u00eda, el ministro de Desarrollo de la Comunidad, Andr\u00e9s Larroque, de Seguridad, Sergio Berni, y de Hacienda y Finanzas, Pablo L\u00f3pez.<\/p>\n<p>&nbsp;<\/p>\n<p>Estuvieron presentes la intendenta de Moreno, Mariel Fern\u00e1ndez; y los intendentes de General Rodr\u00edguez, Mauro Garc\u00eda; de San Mart\u00edn, Fernando Moreira; de Hurlingham, Dami\u00e1n Selci; de Ituzaing\u00f3, Alberto Descalzo; de Luj\u00e1n, Leonardo Boto; de Malvinas Argentinas, Leonardo Nardini; de Marcos Paz, Ricardo Curutchet; de Mercedes, Juan Ustarroz; de Merlo, Gustavo Men\u00e9ndez; de Mor\u00f3n, Lucas Ghi; de Navarro, Facundo Diz; de Pilar, Federico Ach\u00e1val; y de Tigre, Julio Zamora; y por el municipio de General Las Heras, el jefe de Gabinete, Marcelo Sartori.<\/p>\n<p>&nbsp;<\/p>\n<p>Fuente: <em>con informaci\u00f3n de Agencia DIB<\/em><\/p>\n","protected":false},"excerpt":{"rendered":"<p>Los encuentros con intendentes oficialistas tienen como objetivo analizar el resultado electoral y organizar para noviembre una campa\u00f1a &#8220;m\u00e1s sectorizada&#8221;.<\/p>\n","protected":false},"author":4,"featured_media":33180,"comment_status":"closed","ping_status":"closed","sticky":false,"template":"","format":"standard","meta":{"_jetpack_memberships_contains_paid_content":false,"footnotes":""},"categories":[6,1],"tags":[],"class_list":["post-33177","post","type-post","status-publish","format-standard","has-post-thumbnail","hentry","category-nacionales","category-portada"],"jetpack_featured_media_url":"https:\/\/i0.wp.com\/cdnoticias.com\/wp-content\/uploads\/2021\/09\/kicillof-vacunacion.jpg?fit=800%2C445&ssl=1","jetpack_sharing_enabled":true,"_links":{"self":[{"href":"https:\/\/cdnoticias.com\/index.php\/wp-json\/wp\/v2\/posts\/33177","targetHints":{"allow":["GET"]}}],"collection":[{"href":"https:\/\/cdnoticias.com\/index.php\/wp-json\/wp\/v2\/posts"}],"about":[{"href":"https:\/\/cdnoticias.com\/index.php\/wp-json\/wp\/v2\/types\/post"}],"author":[{"embeddable":true,"href":"https:\/\/cdnoticias.com\/index.php\/wp-json\/wp\/v2\/users\/4"}],"replies":[{"embeddable":true,"href":"https:\/\/cdnoticias.com\/index.php\/wp-json\/wp\/v2\/comments?post=33177"}],"version-history":[{"count":0,"href":"https:\/\/cdnoticias.com\/index.php\/wp-json\/wp\/v2\/posts\/33177\/revisions"}],"wp:featuredmedia":[{"embeddable":true,"href":"https:\/\/cdnoticias.com\/index.php\/wp-json\/wp\/v2\/media\/33180"}],"wp:attachment":[{"href":"https:\/\/cdnoticias.com\/index.php\/wp-json\/wp\/v2\/media?parent=33177"}],"wp:term":[{"taxonomy":"category","embeddable":true,"href":"https:\/\/cdnoticias.com\/index.php\/wp-json\/wp\/v2\/categories?post=33177"},{"taxonomy":"post_tag","embeddable":true,"href":"https:\/\/cdnoticias.com\/index.php\/wp-json\/wp\/v2\/tags?post=33177"}],"curies":[{"name":"wp","href":"https:\/\/api.w.org\/{rel}","templated":true}]}}