{"id":33144,"date":"2021-09-17T09:49:36","date_gmt":"2021-09-17T12:49:36","guid":{"rendered":"http:\/\/www.centraldenoticias.com.ar\/?p=33144"},"modified":"2021-09-17T09:49:36","modified_gmt":"2021-09-17T12:49:36","slug":"accidente-entre-una-moto-y-una-bicicleta-una-mujer-herida","status":"publish","type":"post","link":"https:\/\/cdnoticias.com\/index.php\/2021\/09\/17\/accidente-entre-una-moto-y-una-bicicleta-una-mujer-herida\/","title":{"rendered":"Accidente entre una moto y una bicicleta: una mujer herida"},"content":{"rendered":"<p>El hecho se produjo en la ma\u00f1ana de este viernes, en el cruce de avenida Trabajadores y Tierra del Fuego.\u00a0<!--more--><\/p>\n<hr \/>\n<p>En la ma\u00f1ana de este viernes,<strong> una mujer result\u00f3 herida tras un accidente entre una bicicleta y una moto en el cruce de la avenida Trabajadores y Tierra del Fuego.<\/strong><\/p>\n<p>&nbsp;<\/p>\n<p>Las causas del accidente se encuentran siendo analizadas,<strong> lo concreto es que los conductores \u201ccalcularon mal\u201d y chocaron en el cruce de calles.<\/strong><\/p>\n<p>&nbsp;<\/p>\n<p>Tras el arribo de un m\u00f3vil de Comando de Patrullas,<strong> una mujer (conductora de la bicicleta) debi\u00f3 ser trasladada al Hospital Municipal para evaluar sus heridas que ser\u00edan de car\u00e1cter leve.<\/strong><\/p>\n<p>&nbsp;<\/p>\n<p>En en lugar<strong> el tr\u00e1nsito qued\u00f3 reducido hasta tanto se realicen las tareas de peritaje<\/strong> y se ratifique el estado de salud de la ciclista herida.<\/p>\n","protected":false},"excerpt":{"rendered":"<p>El hecho se produjo en la ma\u00f1ana de este viernes, en el cruce de avenida Trabajadores y Tierra del Fuego.\u00a0<\/p>\n","protected":false},"author":2,"featured_media":5441,"comment_status":"closed","ping_status":"closed","sticky":false,"template":"","format":"standard","meta":{"_jetpack_memberships_contains_paid_content":false,"footnotes":""},"categories":[14,1],"tags":[],"class_list":["post-33144","post","type-post","status-publish","format-standard","has-post-thumbnail","hentry","category-policiales","category-portada"],"jetpack_featured_media_url":"https:\/\/i0.wp.com\/cdnoticias.com\/wp-content\/uploads\/2020\/11\/control.jpg?fit=799%2C449&ssl=1","jetpack_sharing_enabled":true,"_links":{"self":[{"href":"https:\/\/cdnoticias.com\/index.php\/wp-json\/wp\/v2\/posts\/33144","targetHints":{"allow":["GET"]}}],"collection":[{"href":"https:\/\/cdnoticias.com\/index.php\/wp-json\/wp\/v2\/posts"}],"about":[{"href":"https:\/\/cdnoticias.com\/index.php\/wp-json\/wp\/v2\/types\/post"}],"author":[{"embeddable":true,"href":"https:\/\/cdnoticias.com\/index.php\/wp-json\/wp\/v2\/users\/2"}],"replies":[{"embeddable":true,"href":"https:\/\/cdnoticias.com\/index.php\/wp-json\/wp\/v2\/comments?post=33144"}],"version-history":[{"count":0,"href":"https:\/\/cdnoticias.com\/index.php\/wp-json\/wp\/v2\/posts\/33144\/revisions"}],"wp:featuredmedia":[{"embeddable":true,"href":"https:\/\/cdnoticias.com\/index.php\/wp-json\/wp\/v2\/media\/5441"}],"wp:attachment":[{"href":"https:\/\/cdnoticias.com\/index.php\/wp-json\/wp\/v2\/media?parent=33144"}],"wp:term":[{"taxonomy":"category","embeddable":true,"href":"https:\/\/cdnoticias.com\/index.php\/wp-json\/wp\/v2\/categories?post=33144"},{"taxonomy":"post_tag","embeddable":true,"href":"https:\/\/cdnoticias.com\/index.php\/wp-json\/wp\/v2\/tags?post=33144"}],"curies":[{"name":"wp","href":"https:\/\/api.w.org\/{rel}","templated":true}]}}