{"id":33135,"date":"2021-09-16T20:46:01","date_gmt":"2021-09-16T23:46:01","guid":{"rendered":"http:\/\/www.centraldenoticias.com.ar\/?p=33135"},"modified":"2021-09-16T20:46:01","modified_gmt":"2021-09-16T23:46:01","slug":"recuperaron-una-bateria-robada-en-loma-negra","status":"publish","type":"post","link":"https:\/\/cdnoticias.com\/index.php\/2021\/09\/16\/recuperaron-una-bateria-robada-en-loma-negra\/","title":{"rendered":"Recuperaron una bater\u00eda robada en Loma Negra"},"content":{"rendered":"<p>Hab\u00eda sido sustra\u00edda d\u00edas atr\u00e1s de un corral\u00f3n de materiales de la localidad. Fue recuperada por agentes de la subcomisar\u00eda.<!--more--><\/p>\n<hr \/>\n<p>En las \u00faltimas horas personal de la subcomisar\u00eda de Loma Negra logr\u00f3 <strong>recuperar una bater\u00eda que hab\u00eda sido sustra\u00edda d\u00edas atr\u00e1s de un corral\u00f3n de materiales de esa localidad.<\/strong><\/p>\n<p>&nbsp;<\/p>\n<p>De acuerdo con lo que se detall\u00f3 todo tuvo como escenario una<strong> bloquera ubicada sobre Bol\u00edvar al 9000, donde desconocidos se hab\u00edan apoderado de una bater\u00eda de 180 amperes de una de pala mec\u00e1nica.<\/strong><\/p>\n<p>&nbsp;<\/p>\n<p><strong>Las averiguaciones posteriores desde la seccional policial permitieron el hallazgo y secuestro en la jornada de este jueves.<\/strong> El hecho se encuentra tipificado como \u201churto\u201d, con la investigaci\u00f3n de la doctora Mirta Deroni de la ayudant\u00eda fiscal en Delitos Cometidos por Autores Ignorados.<\/p>\n","protected":false},"excerpt":{"rendered":"<p>Hab\u00eda sido sustra\u00edda d\u00edas atr\u00e1s de un corral\u00f3n de materiales de la localidad. Fue recuperada por agentes de la subcomisar\u00eda.<\/p>\n","protected":false},"author":3,"featured_media":33136,"comment_status":"closed","ping_status":"closed","sticky":false,"template":"","format":"standard","meta":{"_jetpack_memberships_contains_paid_content":false,"footnotes":""},"categories":[14],"tags":[],"class_list":["post-33135","post","type-post","status-publish","format-standard","has-post-thumbnail","hentry","category-policiales"],"jetpack_featured_media_url":"https:\/\/i0.wp.com\/cdnoticias.com\/wp-content\/uploads\/2021\/09\/loma-negra.jpg?fit=800%2C445&ssl=1","jetpack_sharing_enabled":true,"_links":{"self":[{"href":"https:\/\/cdnoticias.com\/index.php\/wp-json\/wp\/v2\/posts\/33135","targetHints":{"allow":["GET"]}}],"collection":[{"href":"https:\/\/cdnoticias.com\/index.php\/wp-json\/wp\/v2\/posts"}],"about":[{"href":"https:\/\/cdnoticias.com\/index.php\/wp-json\/wp\/v2\/types\/post"}],"author":[{"embeddable":true,"href":"https:\/\/cdnoticias.com\/index.php\/wp-json\/wp\/v2\/users\/3"}],"replies":[{"embeddable":true,"href":"https:\/\/cdnoticias.com\/index.php\/wp-json\/wp\/v2\/comments?post=33135"}],"version-history":[{"count":0,"href":"https:\/\/cdnoticias.com\/index.php\/wp-json\/wp\/v2\/posts\/33135\/revisions"}],"wp:featuredmedia":[{"embeddable":true,"href":"https:\/\/cdnoticias.com\/index.php\/wp-json\/wp\/v2\/media\/33136"}],"wp:attachment":[{"href":"https:\/\/cdnoticias.com\/index.php\/wp-json\/wp\/v2\/media?parent=33135"}],"wp:term":[{"taxonomy":"category","embeddable":true,"href":"https:\/\/cdnoticias.com\/index.php\/wp-json\/wp\/v2\/categories?post=33135"},{"taxonomy":"post_tag","embeddable":true,"href":"https:\/\/cdnoticias.com\/index.php\/wp-json\/wp\/v2\/tags?post=33135"}],"curies":[{"name":"wp","href":"https:\/\/api.w.org\/{rel}","templated":true}]}}