{"id":33129,"date":"2021-09-16T19:58:20","date_gmt":"2021-09-16T22:58:20","guid":{"rendered":"http:\/\/www.centraldenoticias.com.ar\/?p=33129"},"modified":"2021-09-17T09:35:14","modified_gmt":"2021-09-17T12:35:14","slug":"disparos-y-persecucion-dos-hombres-fueron-retenidos","status":"publish","type":"post","link":"https:\/\/cdnoticias.com\/index.php\/2021\/09\/16\/disparos-y-persecucion-dos-hombres-fueron-retenidos\/","title":{"rendered":"Disparos y persecuci\u00f3n: Dos hombres fueron retenidos"},"content":{"rendered":"<p>La secuencia se inici\u00f3 en Merlo al 4300, donde le habr\u00edan disparado a un hombre que afortunadamente result\u00f3 ileso. Se les inici\u00f3 una causa por abuso de armas.<!--more--><\/p>\n<hr \/>\n<p>En la tarde de este jueves dos personas fueron retenidas tras una persecuci\u00f3n de varias cuadras del casco urbano local. <strong>Se los acusa de haber disparado desde un veh\u00edculo en movimiento a un individuo que afortunadamente result\u00f3 ileso.<\/strong><\/p>\n<p>&nbsp;<\/p>\n<p>Todo se inici\u00f3 en Merlo 4300, desde donde un llamado al servicio de emergencias alert\u00f3, precisamente, que desconocidos a bordo de un Volkswagen Vento <strong>le hab\u00edan disparado en momentos en los que se hallaba afuera de su domicilio. Por suerte no fue alcanzado por los proyectiles.<\/strong><\/p>\n<p>&nbsp;<\/p>\n<p><img data-recalc-dims=\"1\" loading=\"lazy\" decoding=\"async\" class=\"alignnone size-large wp-image-33130\" src=\"https:\/\/i0.wp.com\/cdnoticias.com\/wp-content\/uploads\/2021\/09\/WhatsApp-Image-2021-09-16-at-19.45.35.jpeg?resize=800%2C450&#038;ssl=1\" alt=\"\" width=\"800\" height=\"450\" srcset=\"https:\/\/i0.wp.com\/cdnoticias.com\/wp-content\/uploads\/2021\/09\/WhatsApp-Image-2021-09-16-at-19.45.35.jpeg?resize=1024%2C576&amp;ssl=1 1024w, https:\/\/i0.wp.com\/cdnoticias.com\/wp-content\/uploads\/2021\/09\/WhatsApp-Image-2021-09-16-at-19.45.35.jpeg?resize=300%2C169&amp;ssl=1 300w, https:\/\/i0.wp.com\/cdnoticias.com\/wp-content\/uploads\/2021\/09\/WhatsApp-Image-2021-09-16-at-19.45.35.jpeg?resize=768%2C432&amp;ssl=1 768w, https:\/\/i0.wp.com\/cdnoticias.com\/wp-content\/uploads\/2021\/09\/WhatsApp-Image-2021-09-16-at-19.45.35.jpeg?w=1280&amp;ssl=1 1280w\" sizes=\"auto, (max-width: 800px) 100vw, 800px\" \/><\/p>\n<p>&nbsp;<\/p>\n<p>Lo concreto es que desde el Comando de Patrullas, comisar\u00eda Segunda y polic\u00eda Local se puso en marcha un operativo cerrojo en b\u00fasqueda de ese <strong>rodado, el cual fue visto e interceptado tras seguirlo por algunas cuadras en General Paz casi avenida Urquiza, donde se concret\u00f3 adem\u00e1s la captura de sus dos ocupantes, de 27 y 34 a\u00f1os.<\/strong><\/p>\n<p>&nbsp;<\/p>\n<p>A la par, se requis\u00f3 el veh\u00edculo en el que se movilizaban y se hall\u00f3 un cartucho calibre 22 y vaina servida mismo calibre, elementos que fueron incautados y que ya forman parte de la evidencia de la causa que recay\u00f3 en la <strong>fiscal\u00eda en turno, la N\u00b0 4 de la doctora Mar\u00eda Paula Serrano. Los hechos, en principio, est\u00e1n tipificados como \u201cabuso de arma\u201d.<\/strong><\/p>\n","protected":false},"excerpt":{"rendered":"<p>La secuencia se inici\u00f3 en Merlo al 4300, donde le habr\u00edan disparado a un hombre que afortunadamente result\u00f3 ileso. Se<\/p>\n","protected":false},"author":3,"featured_media":33131,"comment_status":"closed","ping_status":"closed","sticky":false,"template":"","format":"standard","meta":{"_jetpack_memberships_contains_paid_content":false,"footnotes":""},"categories":[14,1],"tags":[],"class_list":["post-33129","post","type-post","status-publish","format-standard","has-post-thumbnail","hentry","category-policiales","category-portada"],"jetpack_featured_media_url":"https:\/\/i0.wp.com\/cdnoticias.com\/wp-content\/uploads\/2021\/09\/WhatsApp-Image-2021-09-16-at-19.45.36.jpeg?fit=1600%2C1200&ssl=1","jetpack_sharing_enabled":true,"_links":{"self":[{"href":"https:\/\/cdnoticias.com\/index.php\/wp-json\/wp\/v2\/posts\/33129","targetHints":{"allow":["GET"]}}],"collection":[{"href":"https:\/\/cdnoticias.com\/index.php\/wp-json\/wp\/v2\/posts"}],"about":[{"href":"https:\/\/cdnoticias.com\/index.php\/wp-json\/wp\/v2\/types\/post"}],"author":[{"embeddable":true,"href":"https:\/\/cdnoticias.com\/index.php\/wp-json\/wp\/v2\/users\/3"}],"replies":[{"embeddable":true,"href":"https:\/\/cdnoticias.com\/index.php\/wp-json\/wp\/v2\/comments?post=33129"}],"version-history":[{"count":0,"href":"https:\/\/cdnoticias.com\/index.php\/wp-json\/wp\/v2\/posts\/33129\/revisions"}],"wp:featuredmedia":[{"embeddable":true,"href":"https:\/\/cdnoticias.com\/index.php\/wp-json\/wp\/v2\/media\/33131"}],"wp:attachment":[{"href":"https:\/\/cdnoticias.com\/index.php\/wp-json\/wp\/v2\/media?parent=33129"}],"wp:term":[{"taxonomy":"category","embeddable":true,"href":"https:\/\/cdnoticias.com\/index.php\/wp-json\/wp\/v2\/categories?post=33129"},{"taxonomy":"post_tag","embeddable":true,"href":"https:\/\/cdnoticias.com\/index.php\/wp-json\/wp\/v2\/tags?post=33129"}],"curies":[{"name":"wp","href":"https:\/\/api.w.org\/{rel}","templated":true}]}}