{"id":33128,"date":"2021-09-16T20:21:38","date_gmt":"2021-09-16T23:21:38","guid":{"rendered":"http:\/\/www.centraldenoticias.com.ar\/?p=33128"},"modified":"2021-09-16T20:21:38","modified_gmt":"2021-09-16T23:21:38","slug":"campana-de-vacunacion-este-jueves-se-aplicaron-mas-de-300-dosis","status":"publish","type":"post","link":"https:\/\/cdnoticias.com\/index.php\/2021\/09\/16\/campana-de-vacunacion-este-jueves-se-aplicaron-mas-de-300-dosis\/","title":{"rendered":"Campa\u00f1a de vacunaci\u00f3n: este jueves se aplicaron m\u00e1s de 300 dosis"},"content":{"rendered":"<p>Fueron distribuidas en las distintas postas sanitarias. Adem\u00e1s, se realizaron 44 hisopados en el centro provincial de testeos, de los cuales 7 resultaron positivos.<!--more--><\/p>\n<hr \/>\n<p>En la jornada de este jueves<strong> se aplicaron 344 vacunas contra el Covid-19<\/strong>, distribuidas de la siguiente manera: en el <strong>Centro Cultural Universitario<\/strong> se vacunaron 46 personas con segundas dosis, en<strong> Facultad de Ciencias de la Salud<\/strong> se vacunaron 130 vecinos y vecinas, de las cuales 64 corresponden a primeras dosis y 66 a segundo componente, y en el <strong>Servicio Territorial N\u00b02<\/strong> se vacunaron 168 personas, 15 con primeras dosis y 153 completaron esquemas con segundo componente.<\/p>\n<p>&nbsp;<\/p>\n<p>En cuanto a las actividades preventivas que se realizan en el <strong>Centro Provincial de Testeos<\/strong> que funciona en las instalaciones del Club El Fort\u00edn (Urquiza 2980), de lunes a viernes de 8 a 12, este jueves <strong>se realizaron 44 hisopados de los cuales 7 resultaron positivos.<\/strong><\/p>\n<p>&nbsp;<\/p>\n<p>En cuanto a <strong>segundas dosis<\/strong>, se record\u00f3 que para recibir la aplicaci\u00f3n es \u00fanicamente por turnos, por lo que se le pide a los vecinos y vecinas que est\u00e9n atentos a las notificaciones que se env\u00edan desde el Ministerio de Salud provincial.<\/p>\n<p>&nbsp;<\/p>\n<p>A la par, contin\u00faa la inscripci\u00f3n a menores de 12 a 17 a\u00f1os a trav\u00e9s del <a href=\"https:\/\/vacunatepba.gba.gob.ar\/\" target=\"_blank\" rel=\"noopener\">sitio web Vacunate <\/a>para obtener el turno correspondiente y recibir la primera dosis, priorizando a quienes pertenecen a grupos de riesgo.<\/p>\n<p>&nbsp;<\/p>\n<p>Adem\u00e1s, sigue desarroll\u00e1ndose la<strong> vacunaci\u00f3n libre para mayores de 18 a\u00f1os<\/strong> que acrediten domicilio en la localidad present\u00e1ndose con su DNI en cualquiera de las postas de vacunaci\u00f3n.<\/p>\n","protected":false},"excerpt":{"rendered":"<p>Fueron distribuidas en las distintas postas sanitarias. Adem\u00e1s, se realizaron 44 hisopados en el centro provincial de testeos, de los<\/p>\n","protected":false},"author":5,"featured_media":31850,"comment_status":"closed","ping_status":"closed","sticky":false,"template":"","format":"standard","meta":{"_jetpack_memberships_contains_paid_content":false,"footnotes":""},"categories":[16,1],"tags":[],"class_list":["post-33128","post","type-post","status-publish","format-standard","has-post-thumbnail","hentry","category-covid-19","category-portada"],"jetpack_featured_media_url":"https:\/\/i0.wp.com\/cdnoticias.com\/wp-content\/uploads\/2021\/09\/WhatsApp-Image-2021-09-04-at-11.19.22.jpeg?fit=1151%2C697&ssl=1","jetpack_sharing_enabled":true,"_links":{"self":[{"href":"https:\/\/cdnoticias.com\/index.php\/wp-json\/wp\/v2\/posts\/33128","targetHints":{"allow":["GET"]}}],"collection":[{"href":"https:\/\/cdnoticias.com\/index.php\/wp-json\/wp\/v2\/posts"}],"about":[{"href":"https:\/\/cdnoticias.com\/index.php\/wp-json\/wp\/v2\/types\/post"}],"author":[{"embeddable":true,"href":"https:\/\/cdnoticias.com\/index.php\/wp-json\/wp\/v2\/users\/5"}],"replies":[{"embeddable":true,"href":"https:\/\/cdnoticias.com\/index.php\/wp-json\/wp\/v2\/comments?post=33128"}],"version-history":[{"count":0,"href":"https:\/\/cdnoticias.com\/index.php\/wp-json\/wp\/v2\/posts\/33128\/revisions"}],"wp:featuredmedia":[{"embeddable":true,"href":"https:\/\/cdnoticias.com\/index.php\/wp-json\/wp\/v2\/media\/31850"}],"wp:attachment":[{"href":"https:\/\/cdnoticias.com\/index.php\/wp-json\/wp\/v2\/media?parent=33128"}],"wp:term":[{"taxonomy":"category","embeddable":true,"href":"https:\/\/cdnoticias.com\/index.php\/wp-json\/wp\/v2\/categories?post=33128"},{"taxonomy":"post_tag","embeddable":true,"href":"https:\/\/cdnoticias.com\/index.php\/wp-json\/wp\/v2\/tags?post=33128"}],"curies":[{"name":"wp","href":"https:\/\/api.w.org\/{rel}","templated":true}]}}