{"id":3312,"date":"2020-10-06T17:42:43","date_gmt":"2020-10-06T20:42:43","guid":{"rendered":"http:\/\/www.centraldenoticias.com.ar\/?p=3312"},"modified":"2020-10-06T17:46:07","modified_gmt":"2020-10-06T20:46:07","slug":"presentan-una-capacitacion-en-perspectiva-de-genero-para-legislar","status":"publish","type":"post","link":"https:\/\/cdnoticias.com\/index.php\/2020\/10\/06\/presentan-una-capacitacion-en-perspectiva-de-genero-para-legislar\/","title":{"rendered":"Presentan una capacitaci\u00f3n en \u201cPerspectiva de g\u00e9nero para legislar&#8221;"},"content":{"rendered":"<p>&nbsp;<\/p>\n<p>Est\u00e1 organizada por la C\u00e1mara de Diputados de la Naci\u00f3n y destinada a parlamentos de todo el pa\u00eds. El presidente del HCD, Bruno Cenizo, y las concejalas Alicia Almada y Cecilia Krivochen participaron del acto de apertura.<!--more--><\/p>\n<hr \/>\n<p>En la jornada del lunes se llev\u00f3 a cabo la presentaci\u00f3n de la capacitaci\u00f3n \u201c<strong>Perspectiva de g\u00e9nero para legislar\u201d<\/strong>, organizada por la C\u00e1mara de Diputados de la Naci\u00f3n y destinada a parlamentos de todo el pa\u00eds.<\/p>\n<p>&nbsp;<\/p>\n<p>A trav\u00e9s de la Direcci\u00f3n General de Igualdad de la C\u00e1mara baja, se impulsar\u00e1 un programa federal con el objetivo de <strong>sensibilizar y concientizar sobre temas de g\u00e9nero.<\/strong><\/p>\n<p>&nbsp;<\/p>\n<p>En este lanzamiento,<strong> particip\u00f3 el Honorable Concejo Deliberante de Olavarr\u00eda representado por su presidente Bruno Cenizo<\/strong>, junto a sus pares de los municipios General Las Heras, Campana, Pilar, Z\u00e1rate, Rojas, Ezeiza, Magdalena, Benito Ju\u00e1rez, Chascom\u00fas, F. Ameghino, Ushuaia (Tierra del Fuego), Ca\u00f1ada de G\u00f3mez (Santa Fe), Viedma (Rio Negro).<\/p>\n<p>&nbsp;<\/p>\n<p><strong>Participaron tambi\u00e9n de este encuentro virtual las concejalas locales integrantes de la Comisi\u00f3n de G\u00e9nero del Concejo local Alicia Almada (Frente de Todos) y Cecilia Krivochen (Juntos por el Cambio).<\/strong><\/p>\n<p>&nbsp;<\/p>\n<p>Referentes de la Direcci\u00f3n General de Igualdad de la HCDN y autoridades de concejos deliberantes de diversos municipios, con la participaci\u00f3n adem\u00e1s de Malena Galmarini (titular de AySA) y la diputada Jimena L\u00f3pez (FDT), dieron comienzo a<strong> la iniciativa que busca abordar marcos te\u00f3ricos conceptuales con perspectiva de g\u00e9nero e incorporarlos a la pr\u00e1ctica diaria, tanto en el \u00e1mbito legislativo como el social.<\/strong><\/p>\n<p>&nbsp;<\/p>\n<p>De esa manera, el programa de capacitaciones <em>\u201cpretende consolidar una red federal en la que<strong> se generen herramientas y se dise\u00f1en proyectos entre la C\u00e1mara de Diputados y los municipios<\/strong> para construir una sociedad igualitaria y diversa\u201d.<\/em><\/p>\n<p>&nbsp;<\/p>\n<p>En la intervenci\u00f3n y presentaci\u00f3n del HCD de Olavarr\u00eda, Cenizo agradeci\u00f3 la invitaci\u00f3n vertida por la C\u00e1mara de Diputados y todo el equipo que trabaja en esta capacitaci\u00f3n.<\/p>\n<p>&nbsp;<\/p>\n<p>Indic\u00f3 que <em>\u201ces un orgullo para Olavarr\u00eda\u201d<\/em> participar de estas iniciativas y <strong>celebr\u00f3 que otros \u00f3rganos legislativos participantes tengan como presidentas a mujeres.<\/strong><\/p>\n<p>&nbsp;<\/p>\n<p>En tanto, mencion\u00f3 que <em>\u201cdesde el Municipio y el Concejo local se toman acciones y se legisla en torno a tem\u00e1ticas de g\u00e9nero, pero <strong>los n\u00fameros a\u00fan indican que hay que seguir trabajando mucho para erradicar la violencia hacia la mujer<\/strong>\u201d.<\/em><\/p>\n<p>&nbsp;<\/p>\n<p>Destac\u00f3 que <em>\u201cen Olavarr\u00eda ya hace dos a\u00f1os que se cre\u00f3 una Comisi\u00f3n de G\u00e9nero interna del HCD\u201d, y que \u201clas Ordenanzas de mayor trascendencia en lo que va de este a\u00f1o para la sociedad olavarriense han surgido del seno de esta Comisi\u00f3n\u201d.\u00a0\u00a0<\/em><\/p>\n<p>&nbsp;<\/p>\n","protected":false},"excerpt":{"rendered":"<p>&nbsp; Est\u00e1 organizada por la C\u00e1mara de Diputados de la Naci\u00f3n y destinada a parlamentos de todo el pa\u00eds. El<\/p>\n","protected":false},"author":5,"featured_media":3313,"comment_status":"closed","ping_status":"closed","sticky":false,"template":"","format":"standard","meta":{"_jetpack_memberships_contains_paid_content":false,"footnotes":""},"categories":[3,1],"tags":[],"class_list":["post-3312","post","type-post","status-publish","format-standard","has-post-thumbnail","hentry","category-genero","category-portada"],"jetpack_featured_media_url":"https:\/\/i0.wp.com\/cdnoticias.com\/wp-content\/uploads\/2020\/10\/WhatsApp-Image-2020-10-05-at-8.39.46-PM.jpeg?fit=1280%2C542&ssl=1","jetpack_sharing_enabled":true,"_links":{"self":[{"href":"https:\/\/cdnoticias.com\/index.php\/wp-json\/wp\/v2\/posts\/3312","targetHints":{"allow":["GET"]}}],"collection":[{"href":"https:\/\/cdnoticias.com\/index.php\/wp-json\/wp\/v2\/posts"}],"about":[{"href":"https:\/\/cdnoticias.com\/index.php\/wp-json\/wp\/v2\/types\/post"}],"author":[{"embeddable":true,"href":"https:\/\/cdnoticias.com\/index.php\/wp-json\/wp\/v2\/users\/5"}],"replies":[{"embeddable":true,"href":"https:\/\/cdnoticias.com\/index.php\/wp-json\/wp\/v2\/comments?post=3312"}],"version-history":[{"count":0,"href":"https:\/\/cdnoticias.com\/index.php\/wp-json\/wp\/v2\/posts\/3312\/revisions"}],"wp:featuredmedia":[{"embeddable":true,"href":"https:\/\/cdnoticias.com\/index.php\/wp-json\/wp\/v2\/media\/3313"}],"wp:attachment":[{"href":"https:\/\/cdnoticias.com\/index.php\/wp-json\/wp\/v2\/media?parent=3312"}],"wp:term":[{"taxonomy":"category","embeddable":true,"href":"https:\/\/cdnoticias.com\/index.php\/wp-json\/wp\/v2\/categories?post=3312"},{"taxonomy":"post_tag","embeddable":true,"href":"https:\/\/cdnoticias.com\/index.php\/wp-json\/wp\/v2\/tags?post=3312"}],"curies":[{"name":"wp","href":"https:\/\/api.w.org\/{rel}","templated":true}]}}