{"id":33097,"date":"2021-09-16T15:17:41","date_gmt":"2021-09-16T18:17:41","guid":{"rendered":"http:\/\/www.centraldenoticias.com.ar\/?p=33097"},"modified":"2021-09-16T17:31:26","modified_gmt":"2021-09-16T20:31:26","slug":"un-camion-que-salio-de-olavarria-desparramo-parte-de-la-carga-de-ladrillos-en-la-ruta-226","status":"publish","type":"post","link":"https:\/\/cdnoticias.com\/index.php\/2021\/09\/16\/un-camion-que-salio-de-olavarria-desparramo-parte-de-la-carga-de-ladrillos-en-la-ruta-226\/","title":{"rendered":"Un cami\u00f3n que sali\u00f3 de Olavarr\u00eda desparram\u00f3 parte de la carga de ladrillos en la Ruta 226"},"content":{"rendered":"<p>El caso se registr\u00f3 en la tarde del \u00faltimo mi\u00e9rcoles en las cercan\u00edas de Bol\u00edvar. El tr\u00e1nsito se vio interrumpido por varios minutos.<!--more--><\/p>\n<hr \/>\n<p>En la tarde del \u00faltimo mi\u00e9rcoles un cami\u00f3n que parti\u00f3 desde nuestra ciudad protagoniz\u00f3 un siniestro vial sobre la Ruta Nacional 226, en las cercan\u00edas de Bol\u00edvar, donde<strong> desparram\u00f3 gran parte de su carga de ladrillos, lo que dio lugar a un procedimiento preventivo para evitar siniestros y reorganizar la circulaci\u00f3n por el sector.<\/strong><\/p>\n<p>&nbsp;<\/p>\n<p>De acuerdo con lo que detall\u00f3 el Diario La Ma\u00f1ana de la vecina ciudad, se trat\u00f3 de <strong>un Mercedes Benz que parti\u00f3 desde Olavarr\u00eda y se dirig\u00eda con direcci\u00f3n hacia Santa Rosa, La Pampa.<\/strong><\/p>\n<p>&nbsp;<\/p>\n<p>Seg\u00fan se supo, uno de los palet que eran trasladados por el cami\u00f3n se raj\u00f3 y eso provoc\u00f3 que <strong>una buena cantidad de ladrillos se rompieran contra la calzada y quedaran desparramados sobre el suelo en el kil\u00f3metro 399.<\/strong><\/p>\n<p>&nbsp;<\/p>\n<p>Afortunadamente, el incidente no implic\u00f3 mayores complicaciones ni consecuencias a otros veh\u00edculos y<strong>, tras limpiar la cinta asf\u00e1ltica, todo volvi\u00f3 a la normalidad.<\/strong><\/p>\n<p>&nbsp;<\/p>\n<p><a href=\"https:\/\/www.diariolamanana.com.ar\/noticia\/un-camion-desparramo-su-carga-de-ladrillos-en-plena-ruta-226\/\" target=\"_blank\" rel=\"noopener\"><em>Fuente y foto Diario La Ma\u00f1ana de Bol\u00edvar<\/em><\/a><\/p>\n","protected":false},"excerpt":{"rendered":"<p>El caso se registr\u00f3 en la tarde del \u00faltimo mi\u00e9rcoles en las cercan\u00edas de Bol\u00edvar. El tr\u00e1nsito se vio interrumpido<\/p>\n","protected":false},"author":2,"featured_media":33106,"comment_status":"closed","ping_status":"closed","sticky":false,"template":"","format":"standard","meta":{"_jetpack_memberships_contains_paid_content":false,"footnotes":""},"categories":[14,1],"tags":[],"class_list":["post-33097","post","type-post","status-publish","format-standard","has-post-thumbnail","hentry","category-policiales","category-portada"],"jetpack_featured_media_url":"https:\/\/i0.wp.com\/cdnoticias.com\/wp-content\/uploads\/2021\/09\/ladrillos-bolivar.jpg?fit=800%2C445&ssl=1","jetpack_sharing_enabled":true,"_links":{"self":[{"href":"https:\/\/cdnoticias.com\/index.php\/wp-json\/wp\/v2\/posts\/33097","targetHints":{"allow":["GET"]}}],"collection":[{"href":"https:\/\/cdnoticias.com\/index.php\/wp-json\/wp\/v2\/posts"}],"about":[{"href":"https:\/\/cdnoticias.com\/index.php\/wp-json\/wp\/v2\/types\/post"}],"author":[{"embeddable":true,"href":"https:\/\/cdnoticias.com\/index.php\/wp-json\/wp\/v2\/users\/2"}],"replies":[{"embeddable":true,"href":"https:\/\/cdnoticias.com\/index.php\/wp-json\/wp\/v2\/comments?post=33097"}],"version-history":[{"count":0,"href":"https:\/\/cdnoticias.com\/index.php\/wp-json\/wp\/v2\/posts\/33097\/revisions"}],"wp:featuredmedia":[{"embeddable":true,"href":"https:\/\/cdnoticias.com\/index.php\/wp-json\/wp\/v2\/media\/33106"}],"wp:attachment":[{"href":"https:\/\/cdnoticias.com\/index.php\/wp-json\/wp\/v2\/media?parent=33097"}],"wp:term":[{"taxonomy":"category","embeddable":true,"href":"https:\/\/cdnoticias.com\/index.php\/wp-json\/wp\/v2\/categories?post=33097"},{"taxonomy":"post_tag","embeddable":true,"href":"https:\/\/cdnoticias.com\/index.php\/wp-json\/wp\/v2\/tags?post=33097"}],"curies":[{"name":"wp","href":"https:\/\/api.w.org\/{rel}","templated":true}]}}