{"id":33096,"date":"2021-09-16T16:01:14","date_gmt":"2021-09-16T19:01:14","guid":{"rendered":"http:\/\/www.centraldenoticias.com.ar\/?p=33096"},"modified":"2021-09-16T16:02:43","modified_gmt":"2021-09-16T19:02:43","slug":"camuzzi-trenque-lauquen-en-historias-que-conectan","status":"publish","type":"post","link":"https:\/\/cdnoticias.com\/index.php\/2021\/09\/16\/camuzzi-trenque-lauquen-en-historias-que-conectan\/","title":{"rendered":"Camuzzi: Trenque Lauquen en \u201cHistorias que conectan\u201d"},"content":{"rendered":"<p>Se trata de la segunda temporada del ciclo que cuenta con la narraci\u00f3n del historiador Daniel Balmaceda. Este jueves a las 18:00 se emitir\u00e1 por Facebook el cap\u00edtulo que aborda la historia de rescate de \u201clos blancos de Villegas\u201d.<!--more--><\/p>\n<hr \/>\n<p>Tras el \u00e9xito de la primera edici\u00f3n de \u201cHistorias que conectan\u201d, Camuzzi relanz\u00f3 en su perfil de Facebook, <strong>un nuevo ciclo de la miniserie protagonizada por Daniel Balmaceda<\/strong> que rememora sucesos que marcaron a las distintas ciudades en donde opera la empresa.<\/p>\n<p>&nbsp;<\/p>\n<p>En esta oportunidad, <strong>este jueves a las 18:00 la audiencia podr\u00e1 conocer la historia de rescate de \u201clos blancos de Villegas\u201d, tropilla del Regimiento de Caballer\u00eda N\u00b0 3 de Trenque Lauquen<\/strong>, dirigida por el fundador y general, Conrado Excelso Villegas.<\/p>\n<p>&nbsp;<\/p>\n<p><img data-recalc-dims=\"1\" loading=\"lazy\" decoding=\"async\" class=\"alignnone size-full wp-image-33101\" src=\"https:\/\/i0.wp.com\/cdnoticias.com\/wp-content\/uploads\/2021\/09\/Comandancia-de-Trenque-Lauquen-01.jpg?resize=800%2C576&#038;ssl=1\" alt=\"\" width=\"800\" height=\"576\" srcset=\"https:\/\/i0.wp.com\/cdnoticias.com\/wp-content\/uploads\/2021\/09\/Comandancia-de-Trenque-Lauquen-01.jpg?w=1705&amp;ssl=1 1705w, https:\/\/i0.wp.com\/cdnoticias.com\/wp-content\/uploads\/2021\/09\/Comandancia-de-Trenque-Lauquen-01.jpg?resize=300%2C216&amp;ssl=1 300w, https:\/\/i0.wp.com\/cdnoticias.com\/wp-content\/uploads\/2021\/09\/Comandancia-de-Trenque-Lauquen-01.jpg?resize=768%2C553&amp;ssl=1 768w, https:\/\/i0.wp.com\/cdnoticias.com\/wp-content\/uploads\/2021\/09\/Comandancia-de-Trenque-Lauquen-01.jpg?resize=1024%2C737&amp;ssl=1 1024w, https:\/\/i0.wp.com\/cdnoticias.com\/wp-content\/uploads\/2021\/09\/Comandancia-de-Trenque-Lauquen-01.jpg?w=1600&amp;ssl=1 1600w\" sizes=\"auto, (max-width: 800px) 100vw, 800px\" \/><\/p>\n<p>&nbsp;<\/p>\n<p>Los cap\u00edtulos se emiten por la p\u00e1gina de Facebook de la distribuidora de gas natural <a href=\"https:\/\/www.facebook.com\/camuzzigas\" target=\"_blank\" rel=\"noopener\">(click aqu\u00ed<\/a>).<\/p>\n<p>&nbsp;<\/p>\n<p><strong>Daniel Balmaceda<\/strong> destac\u00f3 que<em> \u201cpara comprender el valor de la historia, es indispensable <strong>hacer un recorrido por aquellos sucesos que suelen pasar inadvertidos<\/strong>, y que son los que terminan por definir la esencia de las ciudades. Es por eso que Camuzzi contin\u00faa apostando por esta propuesta, que busca conectar a las comunidades a trav\u00e9s de breves relatos por los hechos m\u00e1s desconocidos del territorio argentino\u201d.<\/em><\/p>\n<p>&nbsp;<\/p>\n<figure id=\"attachment_33100\" aria-describedby=\"caption-attachment-33100\" style=\"width: 2767px\" class=\"wp-caption alignnone\"><img data-recalc-dims=\"1\" loading=\"lazy\" decoding=\"async\" class=\"size-full wp-image-33100\" src=\"https:\/\/i0.wp.com\/cdnoticias.com\/wp-content\/uploads\/2021\/09\/0.021.976.jpg?resize=800%2C571&#038;ssl=1\" alt=\"\" width=\"800\" height=\"571\" srcset=\"https:\/\/i0.wp.com\/cdnoticias.com\/wp-content\/uploads\/2021\/09\/0.021.976.jpg?w=2767&amp;ssl=1 2767w, https:\/\/i0.wp.com\/cdnoticias.com\/wp-content\/uploads\/2021\/09\/0.021.976.jpg?resize=300%2C214&amp;ssl=1 300w, https:\/\/i0.wp.com\/cdnoticias.com\/wp-content\/uploads\/2021\/09\/0.021.976.jpg?resize=768%2C548&amp;ssl=1 768w, https:\/\/i0.wp.com\/cdnoticias.com\/wp-content\/uploads\/2021\/09\/0.021.976.jpg?resize=1024%2C731&amp;ssl=1 1024w, https:\/\/i0.wp.com\/cdnoticias.com\/wp-content\/uploads\/2021\/09\/0.021.976.jpg?w=1600&amp;ssl=1 1600w, https:\/\/i0.wp.com\/cdnoticias.com\/wp-content\/uploads\/2021\/09\/0.021.976.jpg?w=2400&amp;ssl=1 2400w\" sizes=\"auto, (max-width: 800px) 100vw, 800px\" \/><figcaption id=\"caption-attachment-33100\" class=\"wp-caption-text\">Imagen captada en 1944 de la sala de la Conquista del Desierto del Museo Hist\u00f3rico Regional de Trenque Lauquen.<\/figcaption><\/figure>\n<p>&nbsp;<\/p>\n<p>Adem\u00e1s, se encuentran disponibles los primeros cap\u00edtulos de esta temporada, como el de la ciudad de <strong>Balcarce<\/strong>, en d\u00f3nde se realiz\u00f3 un recorrido por la vida personal de uno de los pilotos m\u00e1s destacados a nivel mundial, Juan Manuel Fangio; <strong>Viedma<\/strong>, con la historia del gobernador, Carlos Gallardo, quien tuvo un papel imprescindible en la forestaci\u00f3n de la ciudad, por la celebraci\u00f3n de la fiesta del \u00e1rbol, y<strong> La Plata<\/strong>, con sus primeros momentos como capital de la provincia, y la historia de una de sus famosas edificaciones: el Palacio Municipal.<\/p>\n","protected":false},"excerpt":{"rendered":"<p>Se trata de la segunda temporada del ciclo que cuenta con la narraci\u00f3n del historiador Daniel Balmaceda. Este jueves a<\/p>\n","protected":false},"author":5,"featured_media":0,"comment_status":"closed","ping_status":"closed","sticky":false,"template":"","format":"standard","meta":{"_jetpack_memberships_contains_paid_content":false,"footnotes":""},"categories":[5,1],"tags":[],"class_list":["post-33096","post","type-post","status-publish","format-standard","hentry","category-informacion-general","category-portada"],"jetpack_featured_media_url":"","jetpack_sharing_enabled":true,"_links":{"self":[{"href":"https:\/\/cdnoticias.com\/index.php\/wp-json\/wp\/v2\/posts\/33096","targetHints":{"allow":["GET"]}}],"collection":[{"href":"https:\/\/cdnoticias.com\/index.php\/wp-json\/wp\/v2\/posts"}],"about":[{"href":"https:\/\/cdnoticias.com\/index.php\/wp-json\/wp\/v2\/types\/post"}],"author":[{"embeddable":true,"href":"https:\/\/cdnoticias.com\/index.php\/wp-json\/wp\/v2\/users\/5"}],"replies":[{"embeddable":true,"href":"https:\/\/cdnoticias.com\/index.php\/wp-json\/wp\/v2\/comments?post=33096"}],"version-history":[{"count":0,"href":"https:\/\/cdnoticias.com\/index.php\/wp-json\/wp\/v2\/posts\/33096\/revisions"}],"wp:attachment":[{"href":"https:\/\/cdnoticias.com\/index.php\/wp-json\/wp\/v2\/media?parent=33096"}],"wp:term":[{"taxonomy":"category","embeddable":true,"href":"https:\/\/cdnoticias.com\/index.php\/wp-json\/wp\/v2\/categories?post=33096"},{"taxonomy":"post_tag","embeddable":true,"href":"https:\/\/cdnoticias.com\/index.php\/wp-json\/wp\/v2\/tags?post=33096"}],"curies":[{"name":"wp","href":"https:\/\/api.w.org\/{rel}","templated":true}]}}