{"id":33089,"date":"2021-09-16T12:36:12","date_gmt":"2021-09-16T15:36:12","guid":{"rendered":"http:\/\/www.centraldenoticias.com.ar\/?p=33089"},"modified":"2021-09-16T12:36:12","modified_gmt":"2021-09-16T15:36:12","slug":"dia-del-nino-y-la-primavera-jornada-especial-en-loma-negra","status":"publish","type":"post","link":"https:\/\/cdnoticias.com\/index.php\/2021\/09\/16\/dia-del-nino-y-la-primavera-jornada-especial-en-loma-negra\/","title":{"rendered":"D\u00eda del Ni\u00f1o y la Primavera: jornada especial en Loma Negra"},"content":{"rendered":"<p>Ser\u00e1 este s\u00e1bado en la Plaza Libertad. Habr\u00e1 entrega de golosinas y sorteo de juguetes.\u00a0<!--more--><\/p>\n<hr \/>\n<p>Con motivo de celebrar el D\u00eda del Ni\u00f1o y la llegada de la Primavera, <strong>en la localidad de Loma Negra se prepara una jornada especial que se llevar\u00e1 a cabo el pr\u00f3ximo s\u00e1bado 18 de septiembre.<\/strong><\/p>\n<p>&nbsp;<\/p>\n<p>La actividad tendr\u00e1 lugar en la Plaza Libertad, desde las 15:00 hasta las 17:00 horas. <strong>En la oportunidad, habr\u00e1 entrega de golosinas y sorteos de juguetes para los ni\u00f1os que participen de los festejos.<\/strong><\/p>\n<p>&nbsp;<\/p>\n<p>La musicalizaci\u00f3n del evento estar\u00e1 a cargo de Alejandro Bellendier.<\/p>\n<p>&nbsp;<\/p>\n<p><strong>La propuesta es organizada por la Comisi\u00f3n de Damas por la Sonrisa de un Ni\u00f1o. Cuenta con el acompa\u00f1amiento de la Municipalidad del Partido de Olavarr\u00eda<\/strong>, a trav\u00e9s de la Delegaci\u00f3n Municipal de Loma Negra, y todas las instituciones de la localidad.<\/p>\n","protected":false},"excerpt":{"rendered":"<p>Ser\u00e1 este s\u00e1bado en la Plaza Libertad. Habr\u00e1 entrega de golosinas y sorteo de juguetes.\u00a0<\/p>\n","protected":false},"author":2,"featured_media":33092,"comment_status":"closed","ping_status":"closed","sticky":false,"template":"","format":"standard","meta":{"_jetpack_memberships_contains_paid_content":false,"footnotes":""},"categories":[5,1],"tags":[],"class_list":["post-33089","post","type-post","status-publish","format-standard","has-post-thumbnail","hentry","category-informacion-general","category-portada"],"jetpack_featured_media_url":"https:\/\/i0.wp.com\/cdnoticias.com\/wp-content\/uploads\/2021\/09\/Loma-Negra-Vista-1-1024x682.jpg?fit=1024%2C682&ssl=1","jetpack_sharing_enabled":true,"_links":{"self":[{"href":"https:\/\/cdnoticias.com\/index.php\/wp-json\/wp\/v2\/posts\/33089","targetHints":{"allow":["GET"]}}],"collection":[{"href":"https:\/\/cdnoticias.com\/index.php\/wp-json\/wp\/v2\/posts"}],"about":[{"href":"https:\/\/cdnoticias.com\/index.php\/wp-json\/wp\/v2\/types\/post"}],"author":[{"embeddable":true,"href":"https:\/\/cdnoticias.com\/index.php\/wp-json\/wp\/v2\/users\/2"}],"replies":[{"embeddable":true,"href":"https:\/\/cdnoticias.com\/index.php\/wp-json\/wp\/v2\/comments?post=33089"}],"version-history":[{"count":0,"href":"https:\/\/cdnoticias.com\/index.php\/wp-json\/wp\/v2\/posts\/33089\/revisions"}],"wp:featuredmedia":[{"embeddable":true,"href":"https:\/\/cdnoticias.com\/index.php\/wp-json\/wp\/v2\/media\/33092"}],"wp:attachment":[{"href":"https:\/\/cdnoticias.com\/index.php\/wp-json\/wp\/v2\/media?parent=33089"}],"wp:term":[{"taxonomy":"category","embeddable":true,"href":"https:\/\/cdnoticias.com\/index.php\/wp-json\/wp\/v2\/categories?post=33089"},{"taxonomy":"post_tag","embeddable":true,"href":"https:\/\/cdnoticias.com\/index.php\/wp-json\/wp\/v2\/tags?post=33089"}],"curies":[{"name":"wp","href":"https:\/\/api.w.org\/{rel}","templated":true}]}}