{"id":33088,"date":"2021-09-16T14:29:15","date_gmt":"2021-09-16T17:29:15","guid":{"rendered":"http:\/\/www.centraldenoticias.com.ar\/?p=33088"},"modified":"2021-09-16T14:29:15","modified_gmt":"2021-09-16T17:29:15","slug":"mas-de-7-millones-de-personas-completaron-el-esquema-de-vacunacion-en-la-provincia","status":"publish","type":"post","link":"https:\/\/cdnoticias.com\/index.php\/2021\/09\/16\/mas-de-7-millones-de-personas-completaron-el-esquema-de-vacunacion-en-la-provincia\/","title":{"rendered":"M\u00e1s de 7 millones de personas completaron el esquema de vacunaci\u00f3n en la Provincia"},"content":{"rendered":"<p>&#8220;Estamos muy cerca de dejar esto atr\u00e1s y volver a sonre\u00edr como el pueblo espera&#8221;, dijo el Gobernador. C\u00f3mo es el avance por grupos priorizados.<!--more--><\/p>\n<hr \/>\n<p><strong>El gobernador de la provincia de Buenos Aires, Axel Kicillof, celebr\u00f3 este jueves que en el territorio bonaerense ya hay 7 millones de personas con el esquema completo de la vacuna<\/strong> contra el coronavirus.<\/p>\n<p>&nbsp;<\/p>\n<blockquote><p>\u201cLlegamos a los 7 millones de bonaerenses vacunados con dos dosis, una gran noticia que junto al descenso de casos nos permite acelerar la recuperaci\u00f3n que la Provincia necesita\u201d, destac\u00f3 el mandatario bonaerense en su cuenta de Twitter.<\/p><\/blockquote>\n<p>&nbsp;<\/p>\n<p>Luego, apunt\u00f3 que \u201c<strong>estamos muy cerca de dejar esto atr\u00e1s<\/strong> y volver a sonre\u00edr como el pueblo espera\u201d.<\/p>\n<p>&nbsp;<\/p>\n<blockquote class=\"twitter-tweet\">\n<p dir=\"ltr\" lang=\"es\">Llegamos a los 7 millones de bonaerenses vacunados con dos dosis, una gran noticia que junto al descenso de casos nos permite acelerar la recuperaci\u00f3n que la Provincia necesita.<\/p>\n<p>Estamos muy cerca de dejar esto atr\u00e1s y volver a sonre\u00edr como el pueblo espera.<a href=\"https:\/\/twitter.com\/hashtag\/BuenosAiresVacunate?src=hash&amp;ref_src=twsrc%5Etfw\">#BuenosAiresVacunate<\/a> <a href=\"https:\/\/t.co\/eqHW8SSM9e\">pic.twitter.com\/eqHW8SSM9e<\/a><\/p>\n<p>\u2014 Axel Kicillof (@Kicillofok) <a href=\"https:\/\/twitter.com\/Kicillofok\/status\/1438460533993320449?ref_src=twsrc%5Etfw\">September 16, 2021<\/a><\/p><\/blockquote>\n<p><script async src=\"https:\/\/platform.twitter.com\/widgets.js\" charset=\"utf-8\"><\/script><br \/>\nEn igual sentido se pronunci\u00f3 <strong>el ministro de Salud bonaerense, Nicol\u00e1s Kreplak<\/strong>, quien poste\u00f3 en redes sociales: \u201cAlcanzamos las 7 millones de personas vacunadas con el esquema completo\u201d y destac\u00f3 <strong>\u201cel enorme trabajo de todo el equipo de salud, que a pesar del tiempo, su trabajo, dedicaci\u00f3n y compromiso no decae\u201d<\/strong>.<\/p>\n<p>&nbsp;<\/p>\n<p><img data-recalc-dims=\"1\" loading=\"lazy\" decoding=\"async\" class=\"aligncenter wp-image-33090 size-large\" src=\"https:\/\/i0.wp.com\/cdnoticias.com\/wp-content\/uploads\/2021\/09\/vacunacion-provincia-1.jpeg?resize=800%2C400&#038;ssl=1\" alt=\"\" width=\"800\" height=\"400\" srcset=\"https:\/\/i0.wp.com\/cdnoticias.com\/wp-content\/uploads\/2021\/09\/vacunacion-provincia-1.jpeg?resize=1024%2C512&amp;ssl=1 1024w, https:\/\/i0.wp.com\/cdnoticias.com\/wp-content\/uploads\/2021\/09\/vacunacion-provincia-1.jpeg?resize=300%2C150&amp;ssl=1 300w, https:\/\/i0.wp.com\/cdnoticias.com\/wp-content\/uploads\/2021\/09\/vacunacion-provincia-1.jpeg?resize=768%2C384&amp;ssl=1 768w, https:\/\/i0.wp.com\/cdnoticias.com\/wp-content\/uploads\/2021\/09\/vacunacion-provincia-1.jpeg?w=1280&amp;ssl=1 1280w\" sizes=\"auto, (max-width: 800px) 100vw, 800px\" \/><\/p>\n<p>&nbsp;<\/p>\n<p>En ese tono, ayer <strong>el exministro de Salud bonaerense y candidato a diputado nacional Daniel Gollan<\/strong>, remarc\u00f3 que, con esas 7 millones de segundas dosis aplicadas y las 16 semanas consecutivas de baja de casos, <strong>\u201clas perspectivas son las mejores\u201d<\/strong>.<\/p>\n<p>&nbsp;<\/p>\n<blockquote><p>\u201cEstamos llegando al final de la pandemia y vienen los meses de una fuerte recuperaci\u00f3n\u201d, consider\u00f3.<\/p><\/blockquote>\n<p>&nbsp;<\/p>\n<p>En tanto, cabe recordar que <a href=\"https:\/\/cdnoticias.com\/index.php\/2021\/09\/16\/la-provincia-envio-casi-500-mil-turnos-para-completar-esquemas-de-vacunacion\/\" target=\"_blank\" rel=\"noopener\">este mi\u00e9rcoles se entregaron casi 500.000 nuevos turnos<\/a> para segundas dosis y <a href=\"https:\/\/cdnoticias.com\/index.php\/2021\/09\/15\/plan-provincial-de-vacunacion-este-miercoles-se-aplicaron-mas-de-1800-dosis\/\" target=\"_blank\" rel=\"noopener\">en Olavarr\u00eda tambi\u00e9n avanz\u00f3 de manera importante la aplicaci\u00f3n<\/a> de vacunas.<\/p>\n<p>&nbsp;<\/p>\n<p>Fuente: <em>Agencia DIB<\/em><\/p>\n","protected":false},"excerpt":{"rendered":"<p>&#8220;Estamos muy cerca de dejar esto atr\u00e1s y volver a sonre\u00edr como el pueblo espera&#8221;, dijo el Gobernador. C\u00f3mo es<\/p>\n","protected":false},"author":4,"featured_media":33091,"comment_status":"closed","ping_status":"closed","sticky":false,"template":"","format":"standard","meta":{"_jetpack_memberships_contains_paid_content":false,"footnotes":""},"categories":[6,1],"tags":[],"class_list":["post-33088","post","type-post","status-publish","format-standard","has-post-thumbnail","hentry","category-nacionales","category-portada"],"jetpack_featured_media_url":"https:\/\/i0.wp.com\/cdnoticias.com\/wp-content\/uploads\/2021\/09\/DIB-vacunacion-covid.jpg?fit=1170%2C684&ssl=1","jetpack_sharing_enabled":true,"_links":{"self":[{"href":"https:\/\/cdnoticias.com\/index.php\/wp-json\/wp\/v2\/posts\/33088","targetHints":{"allow":["GET"]}}],"collection":[{"href":"https:\/\/cdnoticias.com\/index.php\/wp-json\/wp\/v2\/posts"}],"about":[{"href":"https:\/\/cdnoticias.com\/index.php\/wp-json\/wp\/v2\/types\/post"}],"author":[{"embeddable":true,"href":"https:\/\/cdnoticias.com\/index.php\/wp-json\/wp\/v2\/users\/4"}],"replies":[{"embeddable":true,"href":"https:\/\/cdnoticias.com\/index.php\/wp-json\/wp\/v2\/comments?post=33088"}],"version-history":[{"count":0,"href":"https:\/\/cdnoticias.com\/index.php\/wp-json\/wp\/v2\/posts\/33088\/revisions"}],"wp:featuredmedia":[{"embeddable":true,"href":"https:\/\/cdnoticias.com\/index.php\/wp-json\/wp\/v2\/media\/33091"}],"wp:attachment":[{"href":"https:\/\/cdnoticias.com\/index.php\/wp-json\/wp\/v2\/media?parent=33088"}],"wp:term":[{"taxonomy":"category","embeddable":true,"href":"https:\/\/cdnoticias.com\/index.php\/wp-json\/wp\/v2\/categories?post=33088"},{"taxonomy":"post_tag","embeddable":true,"href":"https:\/\/cdnoticias.com\/index.php\/wp-json\/wp\/v2\/tags?post=33088"}],"curies":[{"name":"wp","href":"https:\/\/api.w.org\/{rel}","templated":true}]}}