{"id":33076,"date":"2021-09-16T13:50:45","date_gmt":"2021-09-16T16:50:45","guid":{"rendered":"http:\/\/www.centraldenoticias.com.ar\/?p=33076"},"modified":"2021-09-16T15:48:23","modified_gmt":"2021-09-16T18:48:23","slug":"el-intendente-veto-dos-ordenanzas-una-es-la-eximicion-del-50-de-tasa-de-seguridad-e-higiene","status":"publish","type":"post","link":"https:\/\/cdnoticias.com\/index.php\/2021\/09\/16\/el-intendente-veto-dos-ordenanzas-una-es-la-eximicion-del-50-de-tasa-de-seguridad-e-higiene\/","title":{"rendered":"El Intendente vet\u00f3 dos ordenanzas: una es la eximici\u00f3n del 50% de Tasa de Seguridad e Higiene"},"content":{"rendered":"<p>Era una propuesta del Frente de Todos. La otra legislaci\u00f3n rechazada por el jefe comunal era una propuesta para un organismo de control de servicios p\u00fablicos locales presentada por la UCR.\u00a0<!--more--><\/p>\n<hr \/>\n<p>Este jueves,<strong> el Intendente Ezequiel Galli vet\u00f3 dos ordenanzas aprobadas sesiones atr\u00e1s en el Concejo Deliberante: una de ellas exim\u00eda del pago del 50% de la Tasa de Seguridad e Higiene a contribuyentes que facturen menos de 36 millones de pesos; la otra, creaba un organismo de control de servicios p\u00fablicos locales.<\/strong><\/p>\n<p>&nbsp;<\/p>\n<p><strong>La propuesta presentada por el Frente de Todos <\/strong><a href=\"https:\/\/cdnoticias.com\/index.php\/2021\/08\/26\/hcd-aprueban-exencion-del-pago-de-50-de-la-tasa-de-seguridad-e-higiene-a-comercios-y-pymes\/\" target=\"_blank\" rel=\"noopener\">(que tuvo aprobaci\u00f3n por mayor\u00eda y sin el acompa\u00f1amiento del oficialismo)<\/a><strong> daba la exenci\u00f3n desde el 1 de enero de este a\u00f1o hasta el 31 de diciembre y estaba orientada a monotributistas cuya facturaci\u00f3n no superen los 36 millones de pesos anuales.<\/strong><\/p>\n<p>&nbsp;<\/p>\n<blockquote><p>La ordenanza, sancionada el 26 de agosto, fue vetada con fecha del lunes aduciendo <em>\u201cque la Ley Org\u00e1nica de las Municipalidades otorgan al Ejecutivo la exclusividad de la iniciativa para la modificaci\u00f3n presupuestaria, reservando al HCD la facultad de modificar las partidas correspondientes a su propio presupuesto\u201d.<\/em><\/p><\/blockquote>\n<p>&nbsp;<\/p>\n<p>Adem\u00e1s, se se\u00f1al\u00f3 que la aplicaci\u00f3n de la normativa<em> \u201cconlleva a la vulneraci\u00f3n del principio de estabilidad presupuestaria consagrado en el art\u00edculo 34 de la LOM\u201d<\/em> y tambi\u00e9n<em> \u201cque las disposiciones legales ponen en manos del DEM la responsabilidad de recaudar los recursos y ejecutar los gastos de la Municipalidad\u201d<\/em> por lo que <strong><em>\u201cresulta un avance manifiesto sobre sus atribuciones la pretensi\u00f3n de disponer exenciones tributarias\u201d.<\/em><\/strong> La ordenanza, cabe se\u00f1alar, fue vetada de forma completa.<\/p>\n<p>&nbsp;<\/p>\n<p>El otro veto a una propuesta presentada por la UCR, que tambi\u00e9n fue completo, tuvo como motivaci\u00f3n que<em> \u201ccrea un organismo de control de servicios p\u00fablicos que no se encuentran en algunas categor\u00edas, como la recolecci\u00f3n, barrido y disposici\u00f3n de residuos s\u00f3lidos urbanos, y disposici\u00f3n de residuos patog\u00e9nicos, confundiendo el universo a controlar\u201d. <\/em>La decisi\u00f3n del Ejecutivo no result\u00f3 sorpresiva: qued\u00f3 en lo previsible cuando <a href=\"https:\/\/cdnoticias.com\/index.php\/2021\/08\/26\/sin-el-oficialismo-se-aprobo-la-creacion-de-un-organismo-de-control-de-servicios-publicos\/\" target=\"_blank\" rel=\"noopener\">se abstuvo el oficialismo de votar la ordenanza<\/a>.<\/p>\n<p>&nbsp;<\/p>\n<p>Tambi\u00e9n se mencion\u00f3 en el veto que la LOM dado que la ordenanza <em>\u201catribuye funciones propias del DEM, siendo que el Ejecutivo dispone qui\u00e9nes ser\u00e1n designados para la fiscalizaci\u00f3n de todo lo concerniente a la prestaci\u00f3n del servicio que se concesione, como asimismo, al cumplimiento de las ordenanzas de tarifas y precios\u201d.<\/em><\/p>\n<p>&nbsp;<\/p>\n<p>El intendente Galli expres\u00f3 en los motivantes del veto que el organismo <strong><em>\u201cse encontrar\u00e1 constituido por un funcionario ad honorem, con el requisito de un concurso cuyas bases no se detallan, y un representando de cada Colegio Profesional sin especificar qu\u00e9 Colegios tendr\u00edan incumbencia para fiscalizar\u201d.<\/em><\/strong><\/p>\n<p>&nbsp;<\/p>\n<p>Finalmente, dejan en claro que la ordenanza crea un r\u00e9gimen sancionatorio, que est\u00e1 <em>\u201cviolando el principio de juez natural y de ley previa, ambos consagrados constitucionalmente y revalidados jurisprudencial y convencionalmente\u201d.<\/em><\/p>\n<p>&nbsp;<\/p>\n<p>Los vetos fueron ingresados al HCD en las \u00faltimas horas, y<strong> los bloques que aprobaron la normativa podr\u00e1n insistir con las Ordenanzas en pr\u00f3ximas sesiones. Necesitar\u00e1n, para aprobarla nuevamente, el acompa\u00f1amiento de las dos terceras partes de los votos del cuerpo deliberativo.<\/strong><\/p>\n","protected":false},"excerpt":{"rendered":"<p>Era una propuesta del Frente de Todos. La otra legislaci\u00f3n rechazada por el jefe comunal era una propuesta para un<\/p>\n","protected":false},"author":2,"featured_media":5622,"comment_status":"closed","ping_status":"closed","sticky":false,"template":"","format":"standard","meta":{"_jetpack_memberships_contains_paid_content":false,"footnotes":""},"categories":[4,1],"tags":[],"class_list":["post-33076","post","type-post","status-publish","format-standard","has-post-thumbnail","hentry","category-politica","category-portada"],"jetpack_featured_media_url":"https:\/\/i0.wp.com\/cdnoticias.com\/wp-content\/uploads\/2020\/11\/firmaezequiel-e1604515657329.jpg?fit=913%2C529&ssl=1","jetpack_sharing_enabled":true,"_links":{"self":[{"href":"https:\/\/cdnoticias.com\/index.php\/wp-json\/wp\/v2\/posts\/33076","targetHints":{"allow":["GET"]}}],"collection":[{"href":"https:\/\/cdnoticias.com\/index.php\/wp-json\/wp\/v2\/posts"}],"about":[{"href":"https:\/\/cdnoticias.com\/index.php\/wp-json\/wp\/v2\/types\/post"}],"author":[{"embeddable":true,"href":"https:\/\/cdnoticias.com\/index.php\/wp-json\/wp\/v2\/users\/2"}],"replies":[{"embeddable":true,"href":"https:\/\/cdnoticias.com\/index.php\/wp-json\/wp\/v2\/comments?post=33076"}],"version-history":[{"count":0,"href":"https:\/\/cdnoticias.com\/index.php\/wp-json\/wp\/v2\/posts\/33076\/revisions"}],"wp:featuredmedia":[{"embeddable":true,"href":"https:\/\/cdnoticias.com\/index.php\/wp-json\/wp\/v2\/media\/5622"}],"wp:attachment":[{"href":"https:\/\/cdnoticias.com\/index.php\/wp-json\/wp\/v2\/media?parent=33076"}],"wp:term":[{"taxonomy":"category","embeddable":true,"href":"https:\/\/cdnoticias.com\/index.php\/wp-json\/wp\/v2\/categories?post=33076"},{"taxonomy":"post_tag","embeddable":true,"href":"https:\/\/cdnoticias.com\/index.php\/wp-json\/wp\/v2\/tags?post=33076"}],"curies":[{"name":"wp","href":"https:\/\/api.w.org\/{rel}","templated":true}]}}