{"id":33035,"date":"2021-09-15T17:48:01","date_gmt":"2021-09-15T20:48:01","guid":{"rendered":"http:\/\/www.centraldenoticias.com.ar\/?p=33035"},"modified":"2021-09-15T17:48:01","modified_gmt":"2021-09-15T20:48:01","slug":"ministros-del-gabinete-nacional-tambien-pusieron-su-renuncia-a-disposicion","status":"publish","type":"post","link":"https:\/\/cdnoticias.com\/index.php\/2021\/09\/15\/ministros-del-gabinete-nacional-tambien-pusieron-su-renuncia-a-disposicion\/","title":{"rendered":"Ministros del gabinete nacional tambi\u00e9n pusieron su renuncia a disposici\u00f3n"},"content":{"rendered":"<p>Al igual que lo hecho por funcionarios bonaerenses, integrantes del gabinete del presidente Alberto Fern\u00e1ndez ofrecieron su salida tras los resultados electorales del domingo.<!--more--><\/p>\n<hr \/>\n<p><strong>El ministro del Interior, Eduardo &#8220;Wado&#8221; de Pedro, y otros funcionarios del Gobierno pusieron a disposici\u00f3n del presidente Alberto Fern\u00e1ndez su renuncia<\/strong>, en una decisi\u00f3n que el titular de Desarrollo Territorial y H\u00e1bitat, Jorge Ferraresi, consider\u00f3 como &#8220;de forma&#8221; tras los resultados electorales del domingo.<\/p>\n<p>&nbsp;<\/p>\n<p>&#8220;Si Wado eligi\u00f3 la manera escrita el d\u00eda de hoy, nosotros elegimos presentar la renuncia oralmente el mismo domingo o el lunes. La diferencia es de forma&#8221;, aclar\u00f3 Ferraresi.\u00a0<strong>Tambi\u00e9n pusieron sus renuncias a disposici\u00f3n los ministros de Ciencia, Tecnolog\u00eda e Innovaci\u00f3n, Roberto Salvarezza; de Cultura, Trist\u00e1n Bauer, y la titular de la Anses, Fernanda Raverta.<\/strong><\/p>\n<p>&nbsp;<\/p>\n<p><img data-recalc-dims=\"1\" loading=\"lazy\" decoding=\"async\" class=\"alignnone size-full wp-image-15181\" src=\"https:\/\/i0.wp.com\/cdnoticias.com\/wp-content\/uploads\/2021\/03\/Ferraresi.jpg?resize=800%2C450&#038;ssl=1\" alt=\"\" width=\"800\" height=\"450\" srcset=\"https:\/\/i0.wp.com\/cdnoticias.com\/wp-content\/uploads\/2021\/03\/Ferraresi.jpg?w=920&amp;ssl=1 920w, https:\/\/i0.wp.com\/cdnoticias.com\/wp-content\/uploads\/2021\/03\/Ferraresi.jpg?resize=300%2C169&amp;ssl=1 300w, https:\/\/i0.wp.com\/cdnoticias.com\/wp-content\/uploads\/2021\/03\/Ferraresi.jpg?resize=768%2C432&amp;ssl=1 768w\" sizes=\"auto, (max-width: 800px) 100vw, 800px\" \/><\/p>\n<p>&nbsp;<\/p>\n<p>&#8220;Escuchando sus palabras del domingo por la noche, donde plante\u00f3 la necesidad de interpretar el veredicto que ha expresado el pueblo argentino,<strong> he considerado que la mejor manera de colaborar con esa tarea es poniendo mi renuncia a su disposici\u00f3n&#8221;, dijo De Pedro en una carta que remiti\u00f3 al Jefe de Estado.<\/strong><\/p>\n<p>&nbsp;<\/p>\n<p>De Pedro manifest\u00f3 que <strong>&#8220;motiva la presente poner a su disposici\u00f3n mi renuncia al cargo de ministro del Interior de la Naci\u00f3n con el que he sido honrado desde el 10 de diciembre de 2019&#8221;.<\/strong><\/p>\n<p>&nbsp;<\/p>\n<p><img data-recalc-dims=\"1\" loading=\"lazy\" decoding=\"async\" class=\"alignnone size-large wp-image-29583\" src=\"https:\/\/i0.wp.com\/cdnoticias.com\/wp-content\/uploads\/2021\/08\/AB1313_2.jpg?resize=800%2C533&#038;ssl=1\" alt=\"\" width=\"800\" height=\"533\" srcset=\"https:\/\/i0.wp.com\/cdnoticias.com\/wp-content\/uploads\/2021\/08\/AB1313_2.jpg?resize=1024%2C682&amp;ssl=1 1024w, https:\/\/i0.wp.com\/cdnoticias.com\/wp-content\/uploads\/2021\/08\/AB1313_2.jpg?resize=300%2C200&amp;ssl=1 300w, https:\/\/i0.wp.com\/cdnoticias.com\/wp-content\/uploads\/2021\/08\/AB1313_2.jpg?resize=768%2C512&amp;ssl=1 768w, https:\/\/i0.wp.com\/cdnoticias.com\/wp-content\/uploads\/2021\/08\/AB1313_2.jpg?resize=272%2C182&amp;ssl=1 272w, https:\/\/i0.wp.com\/cdnoticias.com\/wp-content\/uploads\/2021\/08\/AB1313_2.jpg?w=1600&amp;ssl=1 1600w, https:\/\/i0.wp.com\/cdnoticias.com\/wp-content\/uploads\/2021\/08\/AB1313_2.jpg?w=2400&amp;ssl=1 2400w\" sizes=\"auto, (max-width: 800px) 100vw, 800px\" \/><\/p>\n<p>&nbsp;<\/p>\n<p>Vale recordar que en la jornada de este mi\u00e9rcoles se conoci\u00f3 que integrantes del gabinete del gobernador Axel Kicillof <a href=\"https:\/\/cdnoticias.com\/index.php\/2021\/09\/15\/los-ministros-bonaerenses-pusieron-su-renuncia-a-disposicion-de-axel-kicillof\/\" target=\"_blank\" rel=\"noopener\">adoptaron una medida id\u00e9ntica tras el rev\u00e9s de las PASO.<\/a><\/p>\n","protected":false},"excerpt":{"rendered":"<p>Al igual que lo hecho por funcionarios bonaerenses, integrantes del gabinete del presidente Alberto Fern\u00e1ndez ofrecieron su salida tras los<\/p>\n","protected":false},"author":3,"featured_media":29574,"comment_status":"closed","ping_status":"closed","sticky":false,"template":"","format":"standard","meta":{"_jetpack_memberships_contains_paid_content":false,"footnotes":""},"categories":[6,1],"tags":[],"class_list":["post-33035","post","type-post","status-publish","format-standard","has-post-thumbnail","hentry","category-nacionales","category-portada"],"jetpack_featured_media_url":"https:\/\/i0.wp.com\/cdnoticias.com\/wp-content\/uploads\/2021\/08\/WhatsApp-Image-2021-08-13-at-18.14.15.jpeg?fit=1599%2C1066&ssl=1","jetpack_sharing_enabled":true,"_links":{"self":[{"href":"https:\/\/cdnoticias.com\/index.php\/wp-json\/wp\/v2\/posts\/33035","targetHints":{"allow":["GET"]}}],"collection":[{"href":"https:\/\/cdnoticias.com\/index.php\/wp-json\/wp\/v2\/posts"}],"about":[{"href":"https:\/\/cdnoticias.com\/index.php\/wp-json\/wp\/v2\/types\/post"}],"author":[{"embeddable":true,"href":"https:\/\/cdnoticias.com\/index.php\/wp-json\/wp\/v2\/users\/3"}],"replies":[{"embeddable":true,"href":"https:\/\/cdnoticias.com\/index.php\/wp-json\/wp\/v2\/comments?post=33035"}],"version-history":[{"count":0,"href":"https:\/\/cdnoticias.com\/index.php\/wp-json\/wp\/v2\/posts\/33035\/revisions"}],"wp:featuredmedia":[{"embeddable":true,"href":"https:\/\/cdnoticias.com\/index.php\/wp-json\/wp\/v2\/media\/29574"}],"wp:attachment":[{"href":"https:\/\/cdnoticias.com\/index.php\/wp-json\/wp\/v2\/media?parent=33035"}],"wp:term":[{"taxonomy":"category","embeddable":true,"href":"https:\/\/cdnoticias.com\/index.php\/wp-json\/wp\/v2\/categories?post=33035"},{"taxonomy":"post_tag","embeddable":true,"href":"https:\/\/cdnoticias.com\/index.php\/wp-json\/wp\/v2\/tags?post=33035"}],"curies":[{"name":"wp","href":"https:\/\/api.w.org\/{rel}","templated":true}]}}