{"id":33031,"date":"2021-09-15T16:30:06","date_gmt":"2021-09-15T19:30:06","guid":{"rendered":"http:\/\/www.centraldenoticias.com.ar\/?p=33031"},"modified":"2021-09-15T18:55:01","modified_gmt":"2021-09-15T21:55:01","slug":"prision-preventiva-para-un-hombre-acusado-de-reiterados-hechos-de-violencia-de-genero","status":"publish","type":"post","link":"https:\/\/cdnoticias.com\/index.php\/2021\/09\/15\/prision-preventiva-para-un-hombre-acusado-de-reiterados-hechos-de-violencia-de-genero\/","title":{"rendered":"Prisi\u00f3n preventiva para un hombre acusado de reiterados hechos de violencia de g\u00e9nero"},"content":{"rendered":"<p>La medida fue dispuesta desde el Juzgado de Garant\u00edas local a pedido de la fiscal en Violencia Familiar y de G\u00e9nero, la doctora Viviana Beyt\u00eda.<!--more--><\/p>\n<hr \/>\n<p>En las \u00faltimas horas el Juzgado de Garant\u00edas local dispuso que siga detenido un hombre acusado de reiterados hechos de violencia de g\u00e9nero, tal como<strong> hab\u00eda sido requerido desde la UFI 5, precisamente la fiscal\u00eda especializada en Violencia Familiar y de G\u00e9nero que tiene como titular de la doctora Viviana Beyt\u00eda.<\/strong><\/p>\n<p>&nbsp;<\/p>\n<p>De acuerdo con lo que se logr\u00f3 conocer, <strong>todo deriva de un planteo de prisi\u00f3n preventiva que tuvo curso favorable en la jornada de este mi\u00e9rcoles<\/strong>. Vale destacar que al tratarse de un episodio de estas caracter\u00edsticas no se emitir\u00e1n mayores precisiones en cuanto a los implicados y los hechos en s\u00ed, con el \u00fanico objetivo de resguardar la intimidad y la integridad de la v\u00edctima.<\/p>\n<p>&nbsp;<\/p>\n<p>De lo que s\u00ed se puede dar cuenta es de cada de unas de las figuras delictivas que se le imputan, lo que permite entender la medida dispuesta desde la Justicia.<strong> \u201cAmenazas simples\u201d, \u201ccoacci\u00f3n simple\u201d, \u201cviolaci\u00f3n de domicilio\u201d, \u201churto simple\u201d, \u201crobo simple\u201d y \u201cdesobediencia\u201d, es el detalle de delitos que se le imputan, todos en concurso real y enmarcados en un contexto de violencia de g\u00e9nero.<\/strong><\/p>\n<p>&nbsp;<\/p>\n<p><strong>Es precisamente esto \u00faltimo lo que explica la prolongaci\u00f3n en gran parte la aplicaci\u00f3n de la preventiva, ya que en caso contrario se trata de todos delitos excarcelables<\/strong>. Las convenciones y acuerdos adheridos por la Justicia Nacional, adem\u00e1s de la capacitaci\u00f3n en ese sentido para los funcionarios judiciales, es lo que permite llevar adelante este tipo de medidas.<\/p>\n","protected":false},"excerpt":{"rendered":"<p>La medida fue dispuesta desde el Juzgado de Garant\u00edas local a pedido de la fiscal en Violencia Familiar y de<\/p>\n","protected":false},"author":3,"featured_media":1882,"comment_status":"closed","ping_status":"closed","sticky":false,"template":"","format":"standard","meta":{"_jetpack_memberships_contains_paid_content":false,"footnotes":""},"categories":[14,1],"tags":[],"class_list":["post-33031","post","type-post","status-publish","format-standard","has-post-thumbnail","hentry","category-policiales","category-portada"],"jetpack_featured_media_url":"https:\/\/i0.wp.com\/cdnoticias.com\/wp-content\/uploads\/2020\/09\/WhatsApp-Image-2020-08-31-at-16.11.41-4-e1629489039378.jpeg?fit=1078%2C640&ssl=1","jetpack_sharing_enabled":true,"_links":{"self":[{"href":"https:\/\/cdnoticias.com\/index.php\/wp-json\/wp\/v2\/posts\/33031","targetHints":{"allow":["GET"]}}],"collection":[{"href":"https:\/\/cdnoticias.com\/index.php\/wp-json\/wp\/v2\/posts"}],"about":[{"href":"https:\/\/cdnoticias.com\/index.php\/wp-json\/wp\/v2\/types\/post"}],"author":[{"embeddable":true,"href":"https:\/\/cdnoticias.com\/index.php\/wp-json\/wp\/v2\/users\/3"}],"replies":[{"embeddable":true,"href":"https:\/\/cdnoticias.com\/index.php\/wp-json\/wp\/v2\/comments?post=33031"}],"version-history":[{"count":0,"href":"https:\/\/cdnoticias.com\/index.php\/wp-json\/wp\/v2\/posts\/33031\/revisions"}],"wp:featuredmedia":[{"embeddable":true,"href":"https:\/\/cdnoticias.com\/index.php\/wp-json\/wp\/v2\/media\/1882"}],"wp:attachment":[{"href":"https:\/\/cdnoticias.com\/index.php\/wp-json\/wp\/v2\/media?parent=33031"}],"wp:term":[{"taxonomy":"category","embeddable":true,"href":"https:\/\/cdnoticias.com\/index.php\/wp-json\/wp\/v2\/categories?post=33031"},{"taxonomy":"post_tag","embeddable":true,"href":"https:\/\/cdnoticias.com\/index.php\/wp-json\/wp\/v2\/tags?post=33031"}],"curies":[{"name":"wp","href":"https:\/\/api.w.org\/{rel}","templated":true}]}}