{"id":33025,"date":"2021-09-16T09:08:45","date_gmt":"2021-09-16T12:08:45","guid":{"rendered":"http:\/\/www.centraldenoticias.com.ar\/?p=33025"},"modified":"2021-09-16T09:09:01","modified_gmt":"2021-09-16T12:09:01","slug":"en-octubre-vuelven-las-24-horas-de-innovacion-fio","status":"publish","type":"post","link":"https:\/\/cdnoticias.com\/index.php\/2021\/09\/16\/en-octubre-vuelven-las-24-horas-de-innovacion-fio\/","title":{"rendered":"En octubre vuelven las \u201c24 horas de Innovaci\u00f3n FIO\u201d"},"content":{"rendered":"<p>Este a\u00f1o ser\u00e1 con formato extendido del 12 al 25 de octubre y con trabajo remoto.<!--more--><\/p>\n<hr \/>\n<p>Pasillos de la Facultad de Ingenier\u00eda repletos de adolescentes, capacitaciones a las 3 de la ma\u00f1ana, entrega de propuestas contra reloj. Esas im\u00e1genes, que conformaron el inolvidable paisaje de las <strong><em>\u201c24 horas de Innovaci\u00f3n\u201d<\/em><\/strong> <strong>durante cinco a\u00f1os y diez ediciones, se volvieron impensables en 2020.<\/strong><\/p>\n<p>&nbsp;<\/p>\n<p>&nbsp;<\/p>\n<p>La situaci\u00f3n sanitaria ha remitido en el corriente a\u00f1o, pero no lo suficiente como para pensar en el retorno de ese hist\u00f3rico formato.<\/p>\n<p>&nbsp;<\/p>\n<p>&nbsp;<\/p>\n<p>La gente del <strong>Centro de Desarrollo Emprendedor e Innovaci\u00f3n (CDEI) como parte de la FIO, la Secretar\u00eda de Desarrollo por la Municipalidad de Olavarr\u00eda, y la Fundaci\u00f3n Loma Negra<\/strong>, impulsores y protagonistas del \u00e9xito que signific\u00f3 el evento, pusieron su poder de innovaci\u00f3n para reflotarlo en 2021.<\/p>\n<p>&nbsp;<\/p>\n<p>&nbsp;<\/p>\n<p>Despu\u00e9s de arduo trabajo, ha surgido un <strong>formato reconvertido<\/strong>, que busca sostener los logros alcanzados en su historia reciente: contribuir significativamente a la b\u00fasqueda y desarrollo de soluciones eficaces a las problem\u00e1ticas de nuestra sociedad local.<\/p>\n<p>&nbsp;<\/p>\n<p>&nbsp;<\/p>\n<p><strong>Cambio de formato<\/strong><\/p>\n<p>&nbsp;<\/p>\n<p>En su formato cl\u00e1sico, las \u201c24 horas de innovaci\u00f3n FIO\u201d reun\u00edan en las instalaciones de la FIO a un conjunto de estudiantes del \u00faltimo tramo de la escuela secundaria; all\u00ed, se les planteaban problemas ofrecidos por instituciones y organizaciones olavarrienses,<strong> disponiendo de un d\u00eda completo para hallar, en equipo, soluciones creativas y posibles a esos desaf\u00edos.<\/strong><\/p>\n<p>&nbsp;<\/p>\n<p>&nbsp;<\/p>\n<p><strong>En el formato 2021 se apostar\u00e1 al trabajo remoto, extendiendo esas 24 horas a catorce d\u00edas (del 12 al 25 de octubre).<\/strong> Se sostendr\u00e1 la estructura de equipos para el hallazgo de propuestas, as\u00ed como las actividades de capacitaci\u00f3n y formaci\u00f3n en habilidades blandas y conocimientos t\u00e9cnicos.<\/p>\n<p>&nbsp;<\/p>\n<p>&nbsp;<\/p>\n<p>La organizaci\u00f3n del evento buscar\u00e1 as\u00ed <strong>preservar la obtenci\u00f3n de los resultados que dieron origen al evento<\/strong>:<\/p>\n<p>&nbsp;<\/p>\n<p>&#8211; Fomentar la cultura emprendedora y la innovaci\u00f3n en estudiantes secundarios.<\/p>\n<p>&nbsp;<\/p>\n<p>&#8211; Estimular la interrelaci\u00f3n entre estudiantes secundarios con la Facultad de Ingenier\u00eda y los distintos protagonistas del tejido socioproductivo local.<\/p>\n<p>&nbsp;<\/p>\n<p>&#8211; Desarrollar competencias emprendedoras e innovadoras, aplicables en el \u00e1mbito personal, acad\u00e9mico o laboral.<\/p>\n<p>&nbsp;<\/p>\n<p>En los pr\u00f3ximos d\u00edas se establecer\u00e1 contacto con los colegios secundarios, y se brindar\u00e1n m\u00e1s precisiones acerca de los detalles organizativos.<\/p>\n","protected":false},"excerpt":{"rendered":"<p>Este a\u00f1o ser\u00e1 con formato extendido del 12 al 25 de octubre y con trabajo remoto.<\/p>\n","protected":false},"author":5,"featured_media":33026,"comment_status":"closed","ping_status":"closed","sticky":false,"template":"","format":"standard","meta":{"_jetpack_memberships_contains_paid_content":false,"footnotes":""},"categories":[5,1],"tags":[],"class_list":["post-33025","post","type-post","status-publish","format-standard","has-post-thumbnail","hentry","category-informacion-general","category-portada"],"jetpack_featured_media_url":"https:\/\/i0.wp.com\/cdnoticias.com\/wp-content\/uploads\/2021\/09\/logo.24hs.png?fit=770%2C440&ssl=1","jetpack_sharing_enabled":true,"_links":{"self":[{"href":"https:\/\/cdnoticias.com\/index.php\/wp-json\/wp\/v2\/posts\/33025","targetHints":{"allow":["GET"]}}],"collection":[{"href":"https:\/\/cdnoticias.com\/index.php\/wp-json\/wp\/v2\/posts"}],"about":[{"href":"https:\/\/cdnoticias.com\/index.php\/wp-json\/wp\/v2\/types\/post"}],"author":[{"embeddable":true,"href":"https:\/\/cdnoticias.com\/index.php\/wp-json\/wp\/v2\/users\/5"}],"replies":[{"embeddable":true,"href":"https:\/\/cdnoticias.com\/index.php\/wp-json\/wp\/v2\/comments?post=33025"}],"version-history":[{"count":0,"href":"https:\/\/cdnoticias.com\/index.php\/wp-json\/wp\/v2\/posts\/33025\/revisions"}],"wp:featuredmedia":[{"embeddable":true,"href":"https:\/\/cdnoticias.com\/index.php\/wp-json\/wp\/v2\/media\/33026"}],"wp:attachment":[{"href":"https:\/\/cdnoticias.com\/index.php\/wp-json\/wp\/v2\/media?parent=33025"}],"wp:term":[{"taxonomy":"category","embeddable":true,"href":"https:\/\/cdnoticias.com\/index.php\/wp-json\/wp\/v2\/categories?post=33025"},{"taxonomy":"post_tag","embeddable":true,"href":"https:\/\/cdnoticias.com\/index.php\/wp-json\/wp\/v2\/tags?post=33025"}],"curies":[{"name":"wp","href":"https:\/\/api.w.org\/{rel}","templated":true}]}}