{"id":33004,"date":"2021-09-15T11:33:35","date_gmt":"2021-09-15T14:33:35","guid":{"rendered":"http:\/\/www.centraldenoticias.com.ar\/?p=33004"},"modified":"2021-09-15T11:33:35","modified_gmt":"2021-09-15T14:33:35","slug":"quitaron-los-pasacalles-de-juntos","status":"publish","type":"post","link":"https:\/\/cdnoticias.com\/index.php\/2021\/09\/15\/quitaron-los-pasacalles-de-juntos\/","title":{"rendered":"Quitaron los pasacalles de Juntos"},"content":{"rendered":"<p>\u201cRecorrimos nuestra ciudad para dejarla tan linda como siempre\u201d dijeron desde J\u00f3venes Pro al informar que ya iniciaron la tarea. Ser\u00e1n reciclados.<!--more--><\/p>\n<hr \/>\n<p><strong>\u201cRecorrimos nuestra ciudad para dejarla tan linda como siempre\u201d<\/strong> inform\u00f3 <strong>J\u00f3venes Pro de Olavarr\u00eda<\/strong>. As\u00ed se dio a conocer que <strong>quitaron los pasacalles de Juntos<\/strong>, tanto del oficialismo municipal como de la lista \u201cDar el Paso\u201d, dispuestos para la campa\u00f1a electoral para las Primarias y adem\u00e1s, se destac\u00f3 que los llevaron para reciclar.<\/p>\n<p>&nbsp;<\/p>\n<p><img data-recalc-dims=\"1\" loading=\"lazy\" decoding=\"async\" class=\"size-full wp-image-33006 aligncenter\" src=\"https:\/\/i0.wp.com\/cdnoticias.com\/wp-content\/uploads\/2021\/09\/carteles-y-pasacalles-01.jpg?resize=800%2C444&#038;ssl=1\" alt=\"\" width=\"800\" height=\"444\" srcset=\"https:\/\/i0.wp.com\/cdnoticias.com\/wp-content\/uploads\/2021\/09\/carteles-y-pasacalles-01.jpg?w=800&amp;ssl=1 800w, https:\/\/i0.wp.com\/cdnoticias.com\/wp-content\/uploads\/2021\/09\/carteles-y-pasacalles-01.jpg?resize=300%2C167&amp;ssl=1 300w, https:\/\/i0.wp.com\/cdnoticias.com\/wp-content\/uploads\/2021\/09\/carteles-y-pasacalles-01.jpg?resize=768%2C426&amp;ssl=1 768w\" sizes=\"auto, (max-width: 800px) 100vw, 800px\" \/><\/p>\n<p>&nbsp;<\/p>\n<p>\u201cDespu\u00e9s de unas lindas y contundentes PASO salimos a sacar los pasacalles de nuestra ciudad. Este a\u00f1o <strong>decidimos junto a nuestro intendente Ezequiel Galli llevar los mismos a la planta de tratamiento de GIRO<\/strong> &#8211; Gesti\u00f3n Integral de Residuos Olavarr\u00eda\u00a0 (Gesti\u00f3n Integral de Residuos Olavarr\u00eda), para que sean reciclados y no terminen contaminando nuestra ciudad\u201d expusieron desde la agrupaci\u00f3n.<\/p>\n<p>&nbsp;<\/p>\n<p>Comunicaron a su vez que \u201c<strong>reafirmamos el compromiso con el cuidado del medioambiente<\/strong> para que as\u00ed, cada vecino siga disfrutando de la hermosa ciudad que tenemos\u201d.<\/p>\n","protected":false},"excerpt":{"rendered":"<p>\u201cRecorrimos nuestra ciudad para dejarla tan linda como siempre\u201d dijeron desde J\u00f3venes Pro al informar que ya iniciaron la tarea.<\/p>\n","protected":false},"author":4,"featured_media":33005,"comment_status":"closed","ping_status":"closed","sticky":false,"template":"","format":"standard","meta":{"_jetpack_memberships_contains_paid_content":false,"footnotes":""},"categories":[4,1],"tags":[],"class_list":["post-33004","post","type-post","status-publish","format-standard","has-post-thumbnail","hentry","category-politica","category-portada"],"jetpack_featured_media_url":"https:\/\/i0.wp.com\/cdnoticias.com\/wp-content\/uploads\/2021\/09\/carteles-y-pasacalles-00.jpg?fit=885%2C493&ssl=1","jetpack_sharing_enabled":true,"_links":{"self":[{"href":"https:\/\/cdnoticias.com\/index.php\/wp-json\/wp\/v2\/posts\/33004","targetHints":{"allow":["GET"]}}],"collection":[{"href":"https:\/\/cdnoticias.com\/index.php\/wp-json\/wp\/v2\/posts"}],"about":[{"href":"https:\/\/cdnoticias.com\/index.php\/wp-json\/wp\/v2\/types\/post"}],"author":[{"embeddable":true,"href":"https:\/\/cdnoticias.com\/index.php\/wp-json\/wp\/v2\/users\/4"}],"replies":[{"embeddable":true,"href":"https:\/\/cdnoticias.com\/index.php\/wp-json\/wp\/v2\/comments?post=33004"}],"version-history":[{"count":0,"href":"https:\/\/cdnoticias.com\/index.php\/wp-json\/wp\/v2\/posts\/33004\/revisions"}],"wp:featuredmedia":[{"embeddable":true,"href":"https:\/\/cdnoticias.com\/index.php\/wp-json\/wp\/v2\/media\/33005"}],"wp:attachment":[{"href":"https:\/\/cdnoticias.com\/index.php\/wp-json\/wp\/v2\/media?parent=33004"}],"wp:term":[{"taxonomy":"category","embeddable":true,"href":"https:\/\/cdnoticias.com\/index.php\/wp-json\/wp\/v2\/categories?post=33004"},{"taxonomy":"post_tag","embeddable":true,"href":"https:\/\/cdnoticias.com\/index.php\/wp-json\/wp\/v2\/tags?post=33004"}],"curies":[{"name":"wp","href":"https:\/\/api.w.org\/{rel}","templated":true}]}}