{"id":32989,"date":"2021-09-15T09:34:47","date_gmt":"2021-09-15T12:34:47","guid":{"rendered":"http:\/\/www.centraldenoticias.com.ar\/?p=32989"},"modified":"2021-09-15T09:34:47","modified_gmt":"2021-09-15T12:34:47","slug":"avanza-la-obra-de-mantenimiento-de-la-autopista-fortabat","status":"publish","type":"post","link":"https:\/\/cdnoticias.com\/index.php\/2021\/09\/15\/avanza-la-obra-de-mantenimiento-de-la-autopista-fortabat\/","title":{"rendered":"Avanza la obra de mantenimiento de la autopista Fortabat"},"content":{"rendered":"<p>Autoridades municipales recorrieron la obra. Los trabajos se realizaron con equipamiento vial propio y fondos municipales.\u00a0<!--more--><\/p>\n<hr \/>\n<p>En la ma\u00f1ana del \u00faltimo martes<strong> se iniciaron los trabajos de bacheo en autopista Fortabat, que se encuentran en ejecuci\u00f3n con recursos \u00edntegramente municipales.<\/strong><\/p>\n<p>&nbsp;<\/p>\n<p>El intendente Ezequiel Galli, junto al presidente del HCD Bruno Cenizo, el secretario de Desarrollo Humano y Calidad de Vida Diego Robbiani y el secretario de Mantenimiento y Obras P\u00fablicas Julio Ferraro, recorrieron el sector.<\/p>\n<p>&nbsp;<\/p>\n<p>Dicho mantenimiento que <strong>se ejecut\u00f3 con equipamiento vial\u00a0 propio (minicargadora Bobcat S510), consisti\u00f3 en el fresado y retiro de una capa de pavimento, la colocaci\u00f3n de nuevo material y posterior compactaci\u00f3n con rodillo, para dejar la traza en \u00f3ptimas condiciones.<\/strong><\/p>\n<p>&nbsp;<\/p>\n<blockquote><p>El bacheo se desarroll\u00f3 sobre autopista Fortabat, entre Calle 157 y Calle 210, bajo la coordinaci\u00f3n de la Direcci\u00f3n de Mantenimiento Urbano de la Municipalidad.<\/p><\/blockquote>\n<p>&nbsp;<\/p>\n<p>Estas obras de mejoramiento se desarrollan de manera rutinaria, teniendo en cuenta que se trata de <strong>uno de los accesos principales a la ciudad, donde diariamente se registra una alta circulaci\u00f3n vehicular.<\/strong><\/p>\n<p>&nbsp;<\/p>\n<p>A ra\u00edz del flujo de tr\u00e1nsito permanente, <strong>se origina un importante estado de deterioro del pavimento, por lo cual es necesario llevar adelante este tipo de trabajos, con la finalidad de brindar mejores de condiciones de transitabilidad y contribuir fundamentalmente a la\u00a0 seguridad vial.<\/strong><\/p>\n","protected":false},"excerpt":{"rendered":"<p>Autoridades municipales recorrieron la obra. Los trabajos se realizaron con equipamiento vial propio y fondos municipales.\u00a0<\/p>\n","protected":false},"author":2,"featured_media":32990,"comment_status":"closed","ping_status":"closed","sticky":false,"template":"","format":"standard","meta":{"_jetpack_memberships_contains_paid_content":false,"footnotes":""},"categories":[5,1],"tags":[],"class_list":["post-32989","post","type-post","status-publish","format-standard","has-post-thumbnail","hentry","category-informacion-general","category-portada"],"jetpack_featured_media_url":"https:\/\/i0.wp.com\/cdnoticias.com\/wp-content\/uploads\/2021\/09\/Obras-Bacheo-Autopista-2-scaled.jpg?fit=2560%2C1711&ssl=1","jetpack_sharing_enabled":true,"_links":{"self":[{"href":"https:\/\/cdnoticias.com\/index.php\/wp-json\/wp\/v2\/posts\/32989","targetHints":{"allow":["GET"]}}],"collection":[{"href":"https:\/\/cdnoticias.com\/index.php\/wp-json\/wp\/v2\/posts"}],"about":[{"href":"https:\/\/cdnoticias.com\/index.php\/wp-json\/wp\/v2\/types\/post"}],"author":[{"embeddable":true,"href":"https:\/\/cdnoticias.com\/index.php\/wp-json\/wp\/v2\/users\/2"}],"replies":[{"embeddable":true,"href":"https:\/\/cdnoticias.com\/index.php\/wp-json\/wp\/v2\/comments?post=32989"}],"version-history":[{"count":0,"href":"https:\/\/cdnoticias.com\/index.php\/wp-json\/wp\/v2\/posts\/32989\/revisions"}],"wp:featuredmedia":[{"embeddable":true,"href":"https:\/\/cdnoticias.com\/index.php\/wp-json\/wp\/v2\/media\/32990"}],"wp:attachment":[{"href":"https:\/\/cdnoticias.com\/index.php\/wp-json\/wp\/v2\/media?parent=32989"}],"wp:term":[{"taxonomy":"category","embeddable":true,"href":"https:\/\/cdnoticias.com\/index.php\/wp-json\/wp\/v2\/categories?post=32989"},{"taxonomy":"post_tag","embeddable":true,"href":"https:\/\/cdnoticias.com\/index.php\/wp-json\/wp\/v2\/tags?post=32989"}],"curies":[{"name":"wp","href":"https:\/\/api.w.org\/{rel}","templated":true}]}}