{"id":32981,"date":"2021-09-15T09:09:50","date_gmt":"2021-09-15T12:09:50","guid":{"rendered":"http:\/\/www.centraldenoticias.com.ar\/?p=32981"},"modified":"2021-09-15T10:37:46","modified_gmt":"2021-09-15T13:37:46","slug":"henderson-lo-acusaron-de-violacion-intentaron-lincharlo-y-le-prendieron-fuego-la-casa","status":"publish","type":"post","link":"https:\/\/cdnoticias.com\/index.php\/2021\/09\/15\/henderson-lo-acusaron-de-violacion-intentaron-lincharlo-y-le-prendieron-fuego-la-casa\/","title":{"rendered":"Henderson: lo acusaron de violaci\u00f3n, intentaron lincharlo y le prendieron fuego la casa"},"content":{"rendered":"<p>Habr\u00eda al menos tres v\u00edctimas. Al conocerse una denuncia, unas 300 personas atacaron al acusado y tambi\u00e9n al m\u00f3vil policial que lo traslad\u00f3.<!--more--><\/p>\n<hr \/>\n<p>La noche del martes no fue para nada tranquila<strong> en Henderson<\/strong>. <strong>Un grupo de vecinos se convoc\u00f3 sobre calle Canal de Beagle, buscando hacer justicia por mano propia ante un presunto violador con la determinaci\u00f3n de atacarlo<\/strong> y sin que las autoridades act\u00faen, las fuerzas policiales consiguieron <strong>dispersar a los asistentes con gases lacrim\u00f3genos<\/strong> para poder demorar al acusado que se encontraba en el interior de la vivienda atacada.<\/p>\n<p>&nbsp;<\/p>\n<p>Los incidentes comenzaron por la tarde del martes y sobre las 21 horas la situaci\u00f3n se descontrol\u00f3. Adem\u00e1s <strong>intentaron agredir a la polic\u00eda que se acerc\u00f3 al sector<\/strong> quienes respondieron con gases lacrim\u00f3genos para dispersar a las <strong>m\u00e1s de 300 personas<\/strong> que se encontraban buscando justicia.<\/p>\n<p><img data-recalc-dims=\"1\" loading=\"lazy\" decoding=\"async\" class=\"size-full wp-image-32987 aligncenter\" src=\"https:\/\/i0.wp.com\/cdnoticias.com\/wp-content\/uploads\/2021\/09\/henderson-GAD-600x337.jpg?resize=600%2C337&#038;ssl=1\" alt=\"\" width=\"600\" height=\"337\" srcset=\"https:\/\/i0.wp.com\/cdnoticias.com\/wp-content\/uploads\/2021\/09\/henderson-GAD-600x337.jpg?resize=600%2C337&amp;ssl=1 600w, https:\/\/i0.wp.com\/cdnoticias.com\/wp-content\/uploads\/2021\/09\/henderson-GAD-600x337.jpg?resize=300%2C169&amp;ssl=1 300w\" sizes=\"auto, (max-width: 600px) 100vw, 600px\" \/><\/p>\n<p>&nbsp;<\/p>\n<p><img data-recalc-dims=\"1\" loading=\"lazy\" decoding=\"async\" class=\"size-full wp-image-32982 aligncenter\" src=\"https:\/\/i0.wp.com\/cdnoticias.com\/wp-content\/uploads\/2021\/09\/henderson-movil-600x337.jpg?resize=600%2C337&#038;ssl=1\" alt=\"\" width=\"600\" height=\"337\" srcset=\"https:\/\/i0.wp.com\/cdnoticias.com\/wp-content\/uploads\/2021\/09\/henderson-movil-600x337.jpg?resize=600%2C337&amp;ssl=1 600w, https:\/\/i0.wp.com\/cdnoticias.com\/wp-content\/uploads\/2021\/09\/henderson-movil-600x337.jpg?resize=300%2C169&amp;ssl=1 300w\" sizes=\"auto, (max-width: 600px) 100vw, 600px\" \/><\/p>\n<p>&nbsp;<\/p>\n<p>Seg\u00fan inform\u00f3 <em>diario La Ma\u00f1ana de Bol\u00edvar<\/em> desde el lugar de los hechos, <strong>el hombre est\u00e1 acusado de abusar al menos de 3 menores de entre 11 y 13 a\u00f1os<\/strong>.<\/p>\n<p>&nbsp;<\/p>\n<p>Lo sucedido se hizo p\u00fablico en las \u00faltimas horas cuando <strong>una mujer denunci\u00f3 en la Comisar\u00eda de la Mujer y la Familia de Henderson que su hija hab\u00eda sido abusada y se\u00f1al\u00f3 al acusado<\/strong>, y luego expuso lo sucedido en redes sociales.<\/p>\n<p>&nbsp;<\/p>\n<p><iframe loading=\"lazy\" title=\"YouTube video player\" src=\"https:\/\/www.youtube.com\/embed\/vMC2lOKUg2s\" width=\"560\" height=\"315\" frameborder=\"0\" allowfullscreen=\"allowfullscreen\"><\/iframe><\/p>\n<p>&nbsp;<\/p>\n<p>El acusado es<strong> un hombre de unos 40 a\u00f1os<\/strong>, quien tambi\u00e9n fue acusado en al menos otros dos casos donde tambi\u00e9n las v\u00edctimas son ni\u00f1as.<\/p>\n<p>&nbsp;<\/p>\n<p><strong>Los disturbios comenzaron con insultos y ataques a piedrazos en la morada del acusado y termin\u00f3 con un incendio intencional en la vivienda<\/strong>. Intervino la Polic\u00eda Comunal, Bomberos Voluntario y del Hospital. Tambi\u00e9n llegaron como refuerzos integrantes del Grupo de Apoyo Departamental (GAD) de Pehuaj\u00f3.<\/p>\n<p>&nbsp;<\/p>\n<p><img data-recalc-dims=\"1\" loading=\"lazy\" decoding=\"async\" class=\"size-full wp-image-32984 aligncenter\" src=\"https:\/\/i0.wp.com\/cdnoticias.com\/wp-content\/uploads\/2021\/09\/henderson-1.jpg?resize=501%2C322&#038;ssl=1\" alt=\"\" width=\"501\" height=\"322\" srcset=\"https:\/\/i0.wp.com\/cdnoticias.com\/wp-content\/uploads\/2021\/09\/henderson-1.jpg?w=501&amp;ssl=1 501w, https:\/\/i0.wp.com\/cdnoticias.com\/wp-content\/uploads\/2021\/09\/henderson-1.jpg?resize=300%2C193&amp;ssl=1 300w\" sizes=\"auto, (max-width: 501px) 100vw, 501px\" \/><\/p>\n<p>&nbsp;<\/p>\n<p><img data-recalc-dims=\"1\" loading=\"lazy\" decoding=\"async\" class=\"size-full wp-image-32985 aligncenter\" src=\"https:\/\/i0.wp.com\/cdnoticias.com\/wp-content\/uploads\/2021\/09\/henderson-casa-3-600x337.jpg?resize=600%2C337&#038;ssl=1\" alt=\"\" width=\"600\" height=\"337\" srcset=\"https:\/\/i0.wp.com\/cdnoticias.com\/wp-content\/uploads\/2021\/09\/henderson-casa-3-600x337.jpg?resize=600%2C337&amp;ssl=1 600w, https:\/\/i0.wp.com\/cdnoticias.com\/wp-content\/uploads\/2021\/09\/henderson-casa-3-600x337.jpg?resize=300%2C169&amp;ssl=1 300w\" sizes=\"auto, (max-width: 600px) 100vw, 600px\" \/><\/p>\n<p>&nbsp;<\/p>\n<p>Cuando el acusado fue trasladado en un m\u00f3vil policial, las personas que se encontraban en la vivienda buscando justicia por mano propia, <strong>se dirigieron a la comisar\u00eda de Henderson y continuaron con los disturbios<\/strong>.<\/p>\n<p>&nbsp;<\/p>\n<p>El acusado fue trasladado fuera de la ciudad de Henderson, aunque los disturbios continuaron y<strong> el grupo de vecinos atac\u00f3 la sede de la Comisar\u00eda de la Mujer y el m\u00f3vil en el cual lo trasladaron<\/strong>.<\/p>\n<p>&nbsp;<\/p>\n<p>Fuente y fotos: <em>Diario La Ma\u00f1ana<\/em><\/p>\n<p><img data-recalc-dims=\"1\" loading=\"lazy\" decoding=\"async\" class=\"size-full wp-image-32986 aligncenter\" src=\"https:\/\/i0.wp.com\/cdnoticias.com\/wp-content\/uploads\/2021\/09\/henderson-Comisaria-2-600x337.jpg?resize=600%2C337&#038;ssl=1\" alt=\"\" width=\"600\" height=\"337\" srcset=\"https:\/\/i0.wp.com\/cdnoticias.com\/wp-content\/uploads\/2021\/09\/henderson-Comisaria-2-600x337.jpg?resize=600%2C337&amp;ssl=1 600w, https:\/\/i0.wp.com\/cdnoticias.com\/wp-content\/uploads\/2021\/09\/henderson-Comisaria-2-600x337.jpg?resize=300%2C169&amp;ssl=1 300w\" sizes=\"auto, (max-width: 600px) 100vw, 600px\" \/><\/p>\n","protected":false},"excerpt":{"rendered":"<p>Habr\u00eda al menos tres v\u00edctimas. Al conocerse una denuncia, unas 300 personas atacaron al acusado y tambi\u00e9n al m\u00f3vil policial<\/p>\n","protected":false},"author":4,"featured_media":32983,"comment_status":"closed","ping_status":"closed","sticky":false,"template":"","format":"standard","meta":{"_jetpack_memberships_contains_paid_content":false,"footnotes":""},"categories":[6,1],"tags":[],"class_list":["post-32981","post","type-post","status-publish","format-standard","has-post-thumbnail","hentry","category-nacionales","category-portada"],"jetpack_featured_media_url":"https:\/\/i0.wp.com\/cdnoticias.com\/wp-content\/uploads\/2021\/09\/henderson.jpg?fit=696%2C391&ssl=1","jetpack_sharing_enabled":true,"_links":{"self":[{"href":"https:\/\/cdnoticias.com\/index.php\/wp-json\/wp\/v2\/posts\/32981","targetHints":{"allow":["GET"]}}],"collection":[{"href":"https:\/\/cdnoticias.com\/index.php\/wp-json\/wp\/v2\/posts"}],"about":[{"href":"https:\/\/cdnoticias.com\/index.php\/wp-json\/wp\/v2\/types\/post"}],"author":[{"embeddable":true,"href":"https:\/\/cdnoticias.com\/index.php\/wp-json\/wp\/v2\/users\/4"}],"replies":[{"embeddable":true,"href":"https:\/\/cdnoticias.com\/index.php\/wp-json\/wp\/v2\/comments?post=32981"}],"version-history":[{"count":0,"href":"https:\/\/cdnoticias.com\/index.php\/wp-json\/wp\/v2\/posts\/32981\/revisions"}],"wp:featuredmedia":[{"embeddable":true,"href":"https:\/\/cdnoticias.com\/index.php\/wp-json\/wp\/v2\/media\/32983"}],"wp:attachment":[{"href":"https:\/\/cdnoticias.com\/index.php\/wp-json\/wp\/v2\/media?parent=32981"}],"wp:term":[{"taxonomy":"category","embeddable":true,"href":"https:\/\/cdnoticias.com\/index.php\/wp-json\/wp\/v2\/categories?post=32981"},{"taxonomy":"post_tag","embeddable":true,"href":"https:\/\/cdnoticias.com\/index.php\/wp-json\/wp\/v2\/tags?post=32981"}],"curies":[{"name":"wp","href":"https:\/\/api.w.org\/{rel}","templated":true}]}}