{"id":32976,"date":"2021-09-14T19:30:01","date_gmt":"2021-09-14T22:30:01","guid":{"rendered":"http:\/\/www.centraldenoticias.com.ar\/?p=32976"},"modified":"2021-09-14T19:30:01","modified_gmt":"2021-09-14T22:30:01","slug":"hugo-emmanuel-kees-chavo-q-e-p-d","status":"publish","type":"post","link":"https:\/\/cdnoticias.com\/index.php\/2021\/09\/14\/hugo-emmanuel-kees-chavo-q-e-p-d\/","title":{"rendered":"Hugo Emmanuel Kees &#8221;Chavo&#8221; (Q.E.P.D.)"},"content":{"rendered":"<p>Falleci\u00f3 en Recalde el d\u00eda 13 de\u00a0 Septiembre de 2021 a los 40 a\u00f1os de edad.<\/p>\n<p>&nbsp;<\/p>\n<p>Sus restos ser\u00e1n velados este mi\u00e9rcoles desde las 8:30 en la sala de Espa\u00f1a 2942, Departamento &#8221; D\u00a0 &#8220;, y ser\u00e1n inhumados desde las 10:30 en el cementerio Loma De Paz, previo responso en la Capilla Ardiente. Servicio adherido a Coopelectric.<\/p>\n<p>&nbsp;<\/p>\n<p>Empleado rural<\/p>\n","protected":false},"excerpt":{"rendered":"<p>Falleci\u00f3 en Recalde el d\u00eda 13 de\u00a0 Septiembre de 2021 a los 40 a\u00f1os de edad. &nbsp; Sus restos ser\u00e1n<\/p>\n","protected":false},"author":3,"featured_media":0,"comment_status":"closed","ping_status":"closed","sticky":false,"template":"","format":"standard","meta":{"_jetpack_memberships_contains_paid_content":false,"footnotes":""},"categories":[10],"tags":[],"class_list":["post-32976","post","type-post","status-publish","format-standard","hentry","category-necrologicas"],"jetpack_featured_media_url":"","jetpack_sharing_enabled":true,"_links":{"self":[{"href":"https:\/\/cdnoticias.com\/index.php\/wp-json\/wp\/v2\/posts\/32976","targetHints":{"allow":["GET"]}}],"collection":[{"href":"https:\/\/cdnoticias.com\/index.php\/wp-json\/wp\/v2\/posts"}],"about":[{"href":"https:\/\/cdnoticias.com\/index.php\/wp-json\/wp\/v2\/types\/post"}],"author":[{"embeddable":true,"href":"https:\/\/cdnoticias.com\/index.php\/wp-json\/wp\/v2\/users\/3"}],"replies":[{"embeddable":true,"href":"https:\/\/cdnoticias.com\/index.php\/wp-json\/wp\/v2\/comments?post=32976"}],"version-history":[{"count":0,"href":"https:\/\/cdnoticias.com\/index.php\/wp-json\/wp\/v2\/posts\/32976\/revisions"}],"wp:attachment":[{"href":"https:\/\/cdnoticias.com\/index.php\/wp-json\/wp\/v2\/media?parent=32976"}],"wp:term":[{"taxonomy":"category","embeddable":true,"href":"https:\/\/cdnoticias.com\/index.php\/wp-json\/wp\/v2\/categories?post=32976"},{"taxonomy":"post_tag","embeddable":true,"href":"https:\/\/cdnoticias.com\/index.php\/wp-json\/wp\/v2\/tags?post=32976"}],"curies":[{"name":"wp","href":"https:\/\/api.w.org\/{rel}","templated":true}]}}