{"id":32973,"date":"2021-09-14T19:56:37","date_gmt":"2021-09-14T22:56:37","guid":{"rendered":"http:\/\/www.centraldenoticias.com.ar\/?p=32973"},"modified":"2021-09-14T19:56:37","modified_gmt":"2021-09-14T22:56:37","slug":"diputados-analizaron-las-prioridades-del-presupuesto-2022","status":"publish","type":"post","link":"https:\/\/cdnoticias.com\/index.php\/2021\/09\/14\/diputados-analizaron-las-prioridades-del-presupuesto-2022\/","title":{"rendered":"Diputados analizaron las prioridades del Presupuesto 2022"},"content":{"rendered":"<p>Legisladores de distintos bloques expresaron su postura respecto a los puntos que deber\u00eda contemplar la Ley que condensa los lineamientos econ\u00f3micos para el pr\u00f3ximo a\u00f1o.<!--more--><\/p>\n<hr \/>\n<p>Antes de la presentaci\u00f3n del pr\u00f3ximo presupuesto, legisladores de distintos bloques expresaron su postura respecto a <strong>los puntos que deber\u00eda contemplar la Ley que condensa los lineamientos econ\u00f3micos para el pr\u00f3ximo a\u00f1o<\/strong>.<\/p>\n<p>&nbsp;<\/p>\n<p>Por un lado, Ver\u00f3nica Caliva, del Frente de Todos, indic\u00f3: \u201cPrimero tenemos que conocerlo, porque a\u00fan no ingres\u00f3. <strong>Esperamos que contemple las urgencias populares y que priorice la salud, porque seguimos transitando la pandemia<\/strong>&#8220;.<\/p>\n<p>&nbsp;<\/p>\n<div class=\"jetpack-video-wrapper\"><iframe loading=\"lazy\" width=\"800\" height=\"450\" src=\"https:\/\/www.youtube.com\/embed\/E45f4glYZTY?feature=oembed\" frameborder=\"0\" allow=\"accelerometer; autoplay; clipboard-write; encrypted-media; gyroscope; picture-in-picture\" allowfullscreen><\/iframe><\/div>\n<p>&nbsp;<\/p>\n<p>Por su parte, el diputado Gustavo Menna, de la UCR, consider\u00f3 que &#8220;El Presupuesto es la ley de leyes y define un programa de gobierno\u201d y expres\u00f3:<strong> \u201cHay expectativa sobre todo en lo que es inversi\u00f3n en obras de infraestructura, necesarias para el desarrollo regional y el financiamiento de los programas&#8221;.<\/strong><\/p>\n<p>&nbsp;<\/p>\n<p>La Ley de Administraci\u00f3n Financiera establece que <strong>el Poder Ejecutivo Nacional presentar\u00e1 el proyecto de Ley de Presupuesto General a la C\u00e1mara de Diputados de la Naci\u00f3n en septiembre del a\u00f1o anterior para el que regir\u00e1.<\/strong><\/p>\n","protected":false},"excerpt":{"rendered":"<p>Legisladores de distintos bloques expresaron su postura respecto a los puntos que deber\u00eda contemplar la Ley que condensa los lineamientos<\/p>\n","protected":false},"author":3,"featured_media":32974,"comment_status":"closed","ping_status":"closed","sticky":false,"template":"","format":"standard","meta":{"_jetpack_memberships_contains_paid_content":false,"footnotes":""},"categories":[6,1],"tags":[],"class_list":["post-32973","post","type-post","status-publish","format-standard","has-post-thumbnail","hentry","category-nacionales","category-portada"],"jetpack_featured_media_url":"https:\/\/i0.wp.com\/cdnoticias.com\/wp-content\/uploads\/2021\/09\/diputados.jpg?fit=800%2C445&ssl=1","jetpack_sharing_enabled":true,"_links":{"self":[{"href":"https:\/\/cdnoticias.com\/index.php\/wp-json\/wp\/v2\/posts\/32973","targetHints":{"allow":["GET"]}}],"collection":[{"href":"https:\/\/cdnoticias.com\/index.php\/wp-json\/wp\/v2\/posts"}],"about":[{"href":"https:\/\/cdnoticias.com\/index.php\/wp-json\/wp\/v2\/types\/post"}],"author":[{"embeddable":true,"href":"https:\/\/cdnoticias.com\/index.php\/wp-json\/wp\/v2\/users\/3"}],"replies":[{"embeddable":true,"href":"https:\/\/cdnoticias.com\/index.php\/wp-json\/wp\/v2\/comments?post=32973"}],"version-history":[{"count":0,"href":"https:\/\/cdnoticias.com\/index.php\/wp-json\/wp\/v2\/posts\/32973\/revisions"}],"wp:featuredmedia":[{"embeddable":true,"href":"https:\/\/cdnoticias.com\/index.php\/wp-json\/wp\/v2\/media\/32974"}],"wp:attachment":[{"href":"https:\/\/cdnoticias.com\/index.php\/wp-json\/wp\/v2\/media?parent=32973"}],"wp:term":[{"taxonomy":"category","embeddable":true,"href":"https:\/\/cdnoticias.com\/index.php\/wp-json\/wp\/v2\/categories?post=32973"},{"taxonomy":"post_tag","embeddable":true,"href":"https:\/\/cdnoticias.com\/index.php\/wp-json\/wp\/v2\/tags?post=32973"}],"curies":[{"name":"wp","href":"https:\/\/api.w.org\/{rel}","templated":true}]}}