{"id":32942,"date":"2021-09-14T12:53:57","date_gmt":"2021-09-14T15:53:57","guid":{"rendered":"http:\/\/www.centraldenoticias.com.ar\/?p=32942"},"modified":"2021-09-14T12:53:57","modified_gmt":"2021-09-14T15:53:57","slug":"el-foro-olavarria-invita-a-la-inscripcion-a-becas-del-fondo-nacional-de-las-artes","status":"publish","type":"post","link":"https:\/\/cdnoticias.com\/index.php\/2021\/09\/14\/el-foro-olavarria-invita-a-la-inscripcion-a-becas-del-fondo-nacional-de-las-artes\/","title":{"rendered":"El Foro Olavarr\u00eda invita a la inscripci\u00f3n a becas del Fondo Nacional de las Artes"},"content":{"rendered":"<p>Est\u00e1n destinadas a la \u201cpromoci\u00f3n de programas de formaci\u00f3n y capacitaci\u00f3n de artistas, escritores, artesanos, arquitectos y gestores culturales de todo el pa\u00eds\u201d. La inscripci\u00f3n se encuentra abierta hasta el 24 de septiembre.<!--more--><\/p>\n<hr \/>\n<p>Desde el Foro Olavarr\u00eda, espacio que conducen la concejala In\u00e9s Creimer y el concejal Eduardo Rodr\u00edguez, se invita a <strong>artistas de Olavarr\u00eda a inscribirse a las Becas Formaci\u00f3n 2021 impulsadas por el Fondo Nacional de las Artes.<\/strong> La postulaci\u00f3n se encuentra abierta hasta el viernes 24 de septiembre y la inscripci\u00f3n debe realizarse en la plataforma del FNA: https:\/\/app.fnartes.gob.ar.<\/p>\n<p>&nbsp;<\/p>\n<p>Estas becas<strong> est\u00e1n orientadas en dos direcciones, que son Capacitaci\u00f3n y Formaci\u00f3n<\/strong>. Los proyectos elegidos tienen la posibilidad de ser tanto individuales como grupales. <strong>A su vez, las becas beneficiar\u00e1n con $50 mil para proyectos individuales y de $80 mil para grupales en la categor\u00eda Capacitaci\u00f3n, mientras que en Formaci\u00f3n la ayuda ser\u00e1 de $80 mil para proyectos individuales y $120 mil para grupales.<\/strong><\/p>\n<p>&nbsp;<\/p>\n<p>En esta edici\u00f3n <strong>se presenta una innovaci\u00f3n<\/strong>: Los postulantes podr\u00e1n optar por realizar un programa de formaci\u00f3n y producci\u00f3n de dos meses con eje en Derechos Humanos y Memoria dictada por referentes del \u00e1rea en el Centro Cultural Haroldo Conti, y recibir\u00e1n un respaldo similar al otorgado para capacitaciones.<\/p>\n<p>&nbsp;<\/p>\n<p><strong>Para m\u00e1s informaci\u00f3n acerca del Programa de capacitaci\u00f3n y producci\u00f3n en Derechos Humanos y Memorias<\/strong> que se cursar\u00e1 en el Centro Cultural de la Memoria Haroldo Conti (CABA) acercarse a la Casa Eduardo \u201cChino\u201d Correa, ubicada en Belgrano 3222. O comunicarse a trav\u00e9s de los siguientes canales:<\/p>\n<p>&nbsp;<\/p>\n<p>WhatsApp: 2284 554873<\/p>\n<p>&nbsp;<\/p>\n<p>E-Mail: foroolavarria@gmail.com<\/p>\n<p>&nbsp;<\/p>\n<p>P\u00e1gina Web: www.foroolavarria.org\/<\/p>\n","protected":false},"excerpt":{"rendered":"<p>Est\u00e1n destinadas a la \u201cpromoci\u00f3n de programas de formaci\u00f3n y capacitaci\u00f3n de artistas, escritores, artesanos, arquitectos y gestores culturales de<\/p>\n","protected":false},"author":2,"featured_media":32943,"comment_status":"closed","ping_status":"closed","sticky":false,"template":"","format":"standard","meta":{"_jetpack_memberships_contains_paid_content":false,"footnotes":""},"categories":[9,1],"tags":[],"class_list":["post-32942","post","type-post","status-publish","format-standard","has-post-thumbnail","hentry","category-cultura","category-portada"],"jetpack_featured_media_url":"https:\/\/i0.wp.com\/cdnoticias.com\/wp-content\/uploads\/2021\/09\/Sostener-Cultura.png?fit=624%2C334&ssl=1","jetpack_sharing_enabled":true,"_links":{"self":[{"href":"https:\/\/cdnoticias.com\/index.php\/wp-json\/wp\/v2\/posts\/32942","targetHints":{"allow":["GET"]}}],"collection":[{"href":"https:\/\/cdnoticias.com\/index.php\/wp-json\/wp\/v2\/posts"}],"about":[{"href":"https:\/\/cdnoticias.com\/index.php\/wp-json\/wp\/v2\/types\/post"}],"author":[{"embeddable":true,"href":"https:\/\/cdnoticias.com\/index.php\/wp-json\/wp\/v2\/users\/2"}],"replies":[{"embeddable":true,"href":"https:\/\/cdnoticias.com\/index.php\/wp-json\/wp\/v2\/comments?post=32942"}],"version-history":[{"count":0,"href":"https:\/\/cdnoticias.com\/index.php\/wp-json\/wp\/v2\/posts\/32942\/revisions"}],"wp:featuredmedia":[{"embeddable":true,"href":"https:\/\/cdnoticias.com\/index.php\/wp-json\/wp\/v2\/media\/32943"}],"wp:attachment":[{"href":"https:\/\/cdnoticias.com\/index.php\/wp-json\/wp\/v2\/media?parent=32942"}],"wp:term":[{"taxonomy":"category","embeddable":true,"href":"https:\/\/cdnoticias.com\/index.php\/wp-json\/wp\/v2\/categories?post=32942"},{"taxonomy":"post_tag","embeddable":true,"href":"https:\/\/cdnoticias.com\/index.php\/wp-json\/wp\/v2\/tags?post=32942"}],"curies":[{"name":"wp","href":"https:\/\/api.w.org\/{rel}","templated":true}]}}