{"id":32936,"date":"2021-09-14T11:48:29","date_gmt":"2021-09-14T14:48:29","guid":{"rendered":"http:\/\/www.centraldenoticias.com.ar\/?p=32936"},"modified":"2021-09-14T11:48:29","modified_gmt":"2021-09-14T14:48:29","slug":"este-sabado-jornada-por-el-dia-del-inmigrante-en-colonia-hinojo","status":"publish","type":"post","link":"https:\/\/cdnoticias.com\/index.php\/2021\/09\/14\/este-sabado-jornada-por-el-dia-del-inmigrante-en-colonia-hinojo\/","title":{"rendered":"Este s\u00e1bado, jornada por el D\u00eda del Inmigrante en Colonia Hinojo"},"content":{"rendered":"<p>Se celebrar\u00e1 en el Museo Municipal de los Alemanes del Volga \u201cAriel Chi\u00e9rico\u201d. Charla, presentaci\u00f3n de libre y presentaciones art\u00edsticas.<!--more--><\/p>\n<hr \/>\n<p>Una jornada especial por el <strong>D\u00eda del Inmigrante<\/strong> se celebrar\u00e1 <strong>este s\u00e1bado en el Museo Municipal de los Alemanes del Volga \u201cAriel Chi\u00e9rico\u201d de Colonia Hinojo<\/strong>.\u00a0Desde la Subsecretar\u00eda de Cultura y Educaci\u00f3n de la Municipalidad se invit\u00f3 a los interesados a participar.<\/p>\n<p>&nbsp;<\/p>\n<p>La propuesta<strong> se iniciar\u00e1 a las 15 horas<\/strong> con una charla debate a cargo de las antrop\u00f3logas <strong>Marcela Guerci y Silvia Boggi<\/strong>, el m\u00fasico <strong>Juan Vilches<\/strong> y el presidente de la Sociedad Libanesa de Olavarr\u00eda <strong>Fernando Bugosen<\/strong>.<\/p>\n<p>&nbsp;<\/p>\n<p>Asimismo participar\u00e1n de la actividad <strong>Miguel Scalchi, Hugo Schwindt y Osvaldo Bugliese<\/strong>, quien presentar\u00e1 su libro sobre la historia de Colonia Nievas.<\/p>\n<p>&nbsp;<\/p>\n<p>Habr\u00e1 <strong>m\u00fasica a cargo de Luis Gallastegui<\/strong> y <strong>danzas alemanas<\/strong>. El cierre ser\u00e1 al ritmo de los tambores, con <strong>Juan, Gabriel y Silvia<\/strong> y el grupo de danza y tambores<strong>\u00a0Afro Callv\u00fa<\/strong>, proveniente de la ciudad de Azul.<\/p>\n<p>&nbsp;<\/p>\n<p>Cabe recordar que la actividad estaba prevista para el d\u00eda 4 de septiembre, pero <a href=\"https:\/\/cdnoticias.com\/index.php\/2021\/09\/03\/reprograman-la-celebracion-del-dia-del-inmigrante-en-colonia-hinojo\/\" target=\"_blank\" rel=\"noopener\">debi\u00f3 suspenderse a ra\u00edz de las condiciones clim\u00e1ticas desfavorables<\/a>, motivo por el cual fue reprogramada la fecha.<\/p>\n","protected":false},"excerpt":{"rendered":"<p>Se celebrar\u00e1 en el Museo Municipal de los Alemanes del Volga \u201cAriel Chi\u00e9rico\u201d. Charla, presentaci\u00f3n de libre y presentaciones art\u00edsticas.<\/p>\n","protected":false},"author":4,"featured_media":22794,"comment_status":"closed","ping_status":"closed","sticky":false,"template":"","format":"standard","meta":{"_jetpack_memberships_contains_paid_content":false,"footnotes":""},"categories":[9,1],"tags":[],"class_list":["post-32936","post","type-post","status-publish","format-standard","has-post-thumbnail","hentry","category-cultura","category-portada"],"jetpack_featured_media_url":"https:\/\/i0.wp.com\/cdnoticias.com\/wp-content\/uploads\/2021\/05\/colonia-hinojo-0.jpg?fit=800%2C444&ssl=1","jetpack_sharing_enabled":true,"_links":{"self":[{"href":"https:\/\/cdnoticias.com\/index.php\/wp-json\/wp\/v2\/posts\/32936","targetHints":{"allow":["GET"]}}],"collection":[{"href":"https:\/\/cdnoticias.com\/index.php\/wp-json\/wp\/v2\/posts"}],"about":[{"href":"https:\/\/cdnoticias.com\/index.php\/wp-json\/wp\/v2\/types\/post"}],"author":[{"embeddable":true,"href":"https:\/\/cdnoticias.com\/index.php\/wp-json\/wp\/v2\/users\/4"}],"replies":[{"embeddable":true,"href":"https:\/\/cdnoticias.com\/index.php\/wp-json\/wp\/v2\/comments?post=32936"}],"version-history":[{"count":0,"href":"https:\/\/cdnoticias.com\/index.php\/wp-json\/wp\/v2\/posts\/32936\/revisions"}],"wp:featuredmedia":[{"embeddable":true,"href":"https:\/\/cdnoticias.com\/index.php\/wp-json\/wp\/v2\/media\/22794"}],"wp:attachment":[{"href":"https:\/\/cdnoticias.com\/index.php\/wp-json\/wp\/v2\/media?parent=32936"}],"wp:term":[{"taxonomy":"category","embeddable":true,"href":"https:\/\/cdnoticias.com\/index.php\/wp-json\/wp\/v2\/categories?post=32936"},{"taxonomy":"post_tag","embeddable":true,"href":"https:\/\/cdnoticias.com\/index.php\/wp-json\/wp\/v2\/tags?post=32936"}],"curies":[{"name":"wp","href":"https:\/\/api.w.org\/{rel}","templated":true}]}}