{"id":32923,"date":"2021-09-14T09:27:03","date_gmt":"2021-09-14T12:27:03","guid":{"rendered":"http:\/\/www.centraldenoticias.com.ar\/?p=32923"},"modified":"2021-09-14T10:40:31","modified_gmt":"2021-09-14T13:40:31","slug":"elecciones-en-coopelectric-jose-eseverri-sera-candidato-a-delegado-por-la-lista-amarilla","status":"publish","type":"post","link":"https:\/\/cdnoticias.com\/index.php\/2021\/09\/14\/elecciones-en-coopelectric-jose-eseverri-sera-candidato-a-delegado-por-la-lista-amarilla\/","title":{"rendered":"Elecciones en Coopelectric: Jos\u00e9 Eseverri ser\u00e1 candidato a delegado por la Lista Amarilla"},"content":{"rendered":"<p>El ex intendente y empresario firm\u00f3 esta ma\u00f1ana en la lista que gestiona la cooperativa de cara a las elecciones del 2 de octubre.\u00a0<!--more--><\/p>\n<hr \/>\n<p>De cara a las<strong> pr\u00f3ximas elecciones en Coopelectric del 2 de octubre, el ex Intendente y empresario Jos\u00e9 Eseverri firm\u00f3 esta ma\u00f1ana como candidato a delegado por la Lista Amarilla.<\/strong><\/p>\n<p>&nbsp;<\/p>\n<p>A <strong>pocos d\u00edas de presentar toda la documentaci\u00f3n que permitir\u00e1 a los espacios cooperativos participar de la delegaci\u00f3n<\/strong>, Central de Noticias pudo conocer esta novedad, que <strong>pone a disposici\u00f3n un nombre fuerte en materia de gesti\u00f3n municipal como lo fue Eseverri.<\/strong><\/p>\n<p>&nbsp;<\/p>\n<p>M\u00e1s all\u00e1 de su historia como intendente en el periodo 2007-2015, <strong>Eseverri actualmente se desempe\u00f1a como abogado y empresario de una marca de cerveza local.<\/strong> Recientemente, se los vio al actual mandatario Ezequiel Galli y Eseverri compartiendo una recorrida por la nueva f\u00e1brica de \u201cMonos Sabios\u201d.<\/p>\n<p>&nbsp;<\/p>\n<p>De esta forma, <strong>la Lista Amarilla suma atractivos \u2013m\u00e1s all\u00e1 de su intensificaci\u00f3n de trabajo de los \u00faltimos meses- de cara a la elecci\u00f3n del 2 de octubre<\/strong>, que elegir\u00e1n a los delegados para determinar las nuevas autoridades de la cooperativa.<\/p>\n","protected":false},"excerpt":{"rendered":"<p>El ex intendente y empresario firm\u00f3 esta ma\u00f1ana en la lista que gestiona la cooperativa de cara a las elecciones<\/p>\n","protected":false},"author":2,"featured_media":15458,"comment_status":"closed","ping_status":"closed","sticky":false,"template":"","format":"standard","meta":{"_jetpack_memberships_contains_paid_content":false,"footnotes":""},"categories":[4,1],"tags":[],"class_list":["post-32923","post","type-post","status-publish","format-standard","has-post-thumbnail","hentry","category-politica","category-portada"],"jetpack_featured_media_url":"https:\/\/i0.wp.com\/cdnoticias.com\/wp-content\/uploads\/2021\/03\/inauguracion-sesiones-hcd-cdn5.jpg?fit=4608%2C3072&ssl=1","jetpack_sharing_enabled":true,"_links":{"self":[{"href":"https:\/\/cdnoticias.com\/index.php\/wp-json\/wp\/v2\/posts\/32923","targetHints":{"allow":["GET"]}}],"collection":[{"href":"https:\/\/cdnoticias.com\/index.php\/wp-json\/wp\/v2\/posts"}],"about":[{"href":"https:\/\/cdnoticias.com\/index.php\/wp-json\/wp\/v2\/types\/post"}],"author":[{"embeddable":true,"href":"https:\/\/cdnoticias.com\/index.php\/wp-json\/wp\/v2\/users\/2"}],"replies":[{"embeddable":true,"href":"https:\/\/cdnoticias.com\/index.php\/wp-json\/wp\/v2\/comments?post=32923"}],"version-history":[{"count":0,"href":"https:\/\/cdnoticias.com\/index.php\/wp-json\/wp\/v2\/posts\/32923\/revisions"}],"wp:featuredmedia":[{"embeddable":true,"href":"https:\/\/cdnoticias.com\/index.php\/wp-json\/wp\/v2\/media\/15458"}],"wp:attachment":[{"href":"https:\/\/cdnoticias.com\/index.php\/wp-json\/wp\/v2\/media?parent=32923"}],"wp:term":[{"taxonomy":"category","embeddable":true,"href":"https:\/\/cdnoticias.com\/index.php\/wp-json\/wp\/v2\/categories?post=32923"},{"taxonomy":"post_tag","embeddable":true,"href":"https:\/\/cdnoticias.com\/index.php\/wp-json\/wp\/v2\/tags?post=32923"}],"curies":[{"name":"wp","href":"https:\/\/api.w.org\/{rel}","templated":true}]}}