{"id":32897,"date":"2021-09-13T18:38:43","date_gmt":"2021-09-13T21:38:43","guid":{"rendered":"http:\/\/www.centraldenoticias.com.ar\/?p=32897"},"modified":"2021-09-13T18:38:43","modified_gmt":"2021-09-13T21:38:43","slug":"tareas-de-bacheo-sobre-la-autopista-luciano-fortabat","status":"publish","type":"post","link":"https:\/\/cdnoticias.com\/index.php\/2021\/09\/13\/tareas-de-bacheo-sobre-la-autopista-luciano-fortabat\/","title":{"rendered":"Tareas de bacheo sobre la Autopista Luciano Fortabat"},"content":{"rendered":"<p>Se pondr\u00e1n en marcha en la ma\u00f1ana de este martes, por lo que se pide precauci\u00f3n a quienes tengan que circular por ese sector de la ciudad.<!--more--><\/p>\n<hr \/>\n<p>Desde la Secretar\u00eda de Mantenimiento y Obras P\u00fablicas de la Municipalidad se inform\u00f3 que en la ma\u00f1ana de este martes se llevar\u00e1n adelante <strong>tareas de bacheo sobre la autopista Luciano Fortabat, por lo que se le solicita a la poblaci\u00f3n circular con precauci\u00f3n por el sector.<\/strong><\/p>\n<p>&nbsp;<\/p>\n<p><img data-recalc-dims=\"1\" loading=\"lazy\" decoding=\"async\" class=\"alignnone size-large wp-image-30567\" src=\"https:\/\/i0.wp.com\/cdnoticias.com\/wp-content\/uploads\/2021\/08\/Obras-Bacheo-Grimaldi-y-Moreno-1-scaled-e1631568569655-1024x580.jpg?resize=800%2C453&#038;ssl=1\" alt=\"\" width=\"800\" height=\"453\" srcset=\"https:\/\/i0.wp.com\/cdnoticias.com\/wp-content\/uploads\/2021\/08\/Obras-Bacheo-Grimaldi-y-Moreno-1-scaled-e1631568569655.jpg?resize=1024%2C580&amp;ssl=1 1024w, https:\/\/i0.wp.com\/cdnoticias.com\/wp-content\/uploads\/2021\/08\/Obras-Bacheo-Grimaldi-y-Moreno-1-scaled-e1631568569655.jpg?resize=300%2C170&amp;ssl=1 300w, https:\/\/i0.wp.com\/cdnoticias.com\/wp-content\/uploads\/2021\/08\/Obras-Bacheo-Grimaldi-y-Moreno-1-scaled-e1631568569655.jpg?resize=768%2C435&amp;ssl=1 768w, https:\/\/i0.wp.com\/cdnoticias.com\/wp-content\/uploads\/2021\/08\/Obras-Bacheo-Grimaldi-y-Moreno-1-scaled-e1631568569655.jpg?w=1600&amp;ssl=1 1600w, https:\/\/i0.wp.com\/cdnoticias.com\/wp-content\/uploads\/2021\/08\/Obras-Bacheo-Grimaldi-y-Moreno-1-scaled-e1631568569655.jpg?w=2400&amp;ssl=1 2400w\" sizes=\"auto, (max-width: 800px) 100vw, 800px\" \/><\/p>\n<p>&nbsp;<\/p>\n<p>Las labores se iniciar\u00e1n a las <strong>8 y se prolongar\u00e1n hasta las 13, en el tramo comprendido entre las calles 157 y 203.<\/strong><\/p>\n<p>&nbsp;<\/p>\n<p><em>Fotos Archivo<\/em><\/p>\n","protected":false},"excerpt":{"rendered":"<p>Se pondr\u00e1n en marcha en la ma\u00f1ana de este martes, por lo que se pide precauci\u00f3n a quienes tengan que<\/p>\n","protected":false},"author":3,"featured_media":12990,"comment_status":"closed","ping_status":"closed","sticky":false,"template":"","format":"standard","meta":{"_jetpack_memberships_contains_paid_content":false,"footnotes":""},"categories":[5,1],"tags":[],"class_list":["post-32897","post","type-post","status-publish","format-standard","has-post-thumbnail","hentry","category-informacion-general","category-portada"],"jetpack_featured_media_url":"https:\/\/i0.wp.com\/cdnoticias.com\/wp-content\/uploads\/2021\/02\/lomanegrabacheo-4-e1631568550202.jpeg?fit=810%2C521&ssl=1","jetpack_sharing_enabled":true,"_links":{"self":[{"href":"https:\/\/cdnoticias.com\/index.php\/wp-json\/wp\/v2\/posts\/32897","targetHints":{"allow":["GET"]}}],"collection":[{"href":"https:\/\/cdnoticias.com\/index.php\/wp-json\/wp\/v2\/posts"}],"about":[{"href":"https:\/\/cdnoticias.com\/index.php\/wp-json\/wp\/v2\/types\/post"}],"author":[{"embeddable":true,"href":"https:\/\/cdnoticias.com\/index.php\/wp-json\/wp\/v2\/users\/3"}],"replies":[{"embeddable":true,"href":"https:\/\/cdnoticias.com\/index.php\/wp-json\/wp\/v2\/comments?post=32897"}],"version-history":[{"count":0,"href":"https:\/\/cdnoticias.com\/index.php\/wp-json\/wp\/v2\/posts\/32897\/revisions"}],"wp:featuredmedia":[{"embeddable":true,"href":"https:\/\/cdnoticias.com\/index.php\/wp-json\/wp\/v2\/media\/12990"}],"wp:attachment":[{"href":"https:\/\/cdnoticias.com\/index.php\/wp-json\/wp\/v2\/media?parent=32897"}],"wp:term":[{"taxonomy":"category","embeddable":true,"href":"https:\/\/cdnoticias.com\/index.php\/wp-json\/wp\/v2\/categories?post=32897"},{"taxonomy":"post_tag","embeddable":true,"href":"https:\/\/cdnoticias.com\/index.php\/wp-json\/wp\/v2\/tags?post=32897"}],"curies":[{"name":"wp","href":"https:\/\/api.w.org\/{rel}","templated":true}]}}