{"id":32885,"date":"2021-09-13T16:42:56","date_gmt":"2021-09-13T19:42:56","guid":{"rendered":"http:\/\/www.centraldenoticias.com.ar\/?p=32885"},"modified":"2021-09-13T21:04:32","modified_gmt":"2021-09-14T00:04:32","slug":"este-miercoles-se-inicia-el-juicio-por-un-choque-fatal-en-el-centro","status":"publish","type":"post","link":"https:\/\/cdnoticias.com\/index.php\/2021\/09\/13\/este-miercoles-se-inicia-el-juicio-por-un-choque-fatal-en-el-centro\/","title":{"rendered":"Este mi\u00e9rcoles se inicia el juicio por un choque fatal en el centro"},"content":{"rendered":"<p>Las audiencias se llevar\u00e1n a cabo en el Juzgado Correccional local. El hecho se registr\u00f3 en marzo del 2019 y tuvo como v\u00edctima a un joven de 28 a\u00f1os.<!--more--><\/p>\n<hr \/>\n<p>El Juzgado Correccional local ser\u00e1 sede a partir del pr\u00f3ximo mi\u00e9rcoles de la instancia de debate de la causa judicial por la muerte de <strong>un joven de 28 a\u00f1os, quien muri\u00f3 a fines de marzo del 2019 como saldo de un violento siniestro vial que tuvo como escenario el centro de la ciudad.<\/strong><\/p>\n<p>&nbsp;<\/p>\n<p><strong>El accidente se registr\u00f3 en la ma\u00f1ana del 23 de marzo sobre el cruce de Alsina y San Mart\u00edn, a una cuadra de la plaza Coronel Olavarr\u00eda.<\/strong> All\u00ed colisionaron violentamente una moto Yamaha y un Fiat Uno. Fue tal la violencia del impacto que el conductor del Uno perdi\u00f3 el control de ese rodado y colision\u00f3 tambi\u00e9n contra un Toyota Corolla que se hallaba estacionado sobre San Mart\u00edn, entre Vicente L\u00f3pez y Alsina.<\/p>\n<p>&nbsp;<\/p>\n<p><img data-recalc-dims=\"1\" loading=\"lazy\" decoding=\"async\" class=\"alignnone size-large wp-image-1882\" src=\"https:\/\/i0.wp.com\/cdnoticias.com\/wp-content\/uploads\/2020\/09\/WhatsApp-Image-2020-08-31-at-16.11.41-4-e1629489039378-1024x608.jpeg?resize=800%2C475&#038;ssl=1\" alt=\"\" width=\"800\" height=\"475\" srcset=\"https:\/\/i0.wp.com\/cdnoticias.com\/wp-content\/uploads\/2020\/09\/WhatsApp-Image-2020-08-31-at-16.11.41-4-e1629489039378.jpeg?resize=1024%2C608&amp;ssl=1 1024w, https:\/\/i0.wp.com\/cdnoticias.com\/wp-content\/uploads\/2020\/09\/WhatsApp-Image-2020-08-31-at-16.11.41-4-e1629489039378.jpeg?resize=300%2C178&amp;ssl=1 300w, https:\/\/i0.wp.com\/cdnoticias.com\/wp-content\/uploads\/2020\/09\/WhatsApp-Image-2020-08-31-at-16.11.41-4-e1629489039378.jpeg?resize=768%2C456&amp;ssl=1 768w, https:\/\/i0.wp.com\/cdnoticias.com\/wp-content\/uploads\/2020\/09\/WhatsApp-Image-2020-08-31-at-16.11.41-4-e1629489039378.jpeg?w=1078&amp;ssl=1 1078w\" sizes=\"auto, (max-width: 800px) 100vw, 800px\" \/><\/p>\n<p>&nbsp;<\/p>\n<p>Quien sufri\u00f3 las peores heridas fue el conductor de la moto, identificado como Jonathan Zelaya, quien fue trasladado de urgencia al Hospital Municipal &#8220;Doctor H\u00e9ctor Cura&#8221;, donde lamentablemente pocos d\u00edas despu\u00e9s se confirmar\u00eda su muerte.\u00a0<strong>El joven se desempe\u00f1aba como agente penitenciario y en su recuerdo fue descubierta una placa en la Unidad 38.<\/strong><\/p>\n<p>&nbsp;<\/p>\n<p>El hecho se encuentra tipificado como \u201chomicidio culposo\u201d y la investigaci\u00f3n estuvo al frente de la fiscal Mar\u00eda Paula Serrano, de la UFI N\u00b0 4, quien adem\u00e1s<strong> encabezar\u00e1 la parte acusatoria en las audiencias que se iniciar\u00e1n en la ma\u00f1ana de este mi\u00e9rcoles.<\/strong><\/p>\n<p>&nbsp;<\/p>\n<p>Todo se ver\u00e1 encabezado por la jueza en lo Correccional local Cecilia Desiata y se especula que <strong>la totalidad de la prueba y testimonios sean abordados en una \u00fanica audiencia, en la que adem\u00e1s se dar\u00eda a conocer la fecha de la lectura de la sentencia.<\/strong><\/p>\n","protected":false},"excerpt":{"rendered":"<p>Las audiencias se llevar\u00e1n a cabo en el Juzgado Correccional local. El hecho se registr\u00f3 en marzo del 2019 y<\/p>\n","protected":false},"author":3,"featured_media":20049,"comment_status":"closed","ping_status":"closed","sticky":false,"template":"","format":"standard","meta":{"_jetpack_memberships_contains_paid_content":false,"footnotes":""},"categories":[14,1],"tags":[],"class_list":["post-32885","post","type-post","status-publish","format-standard","has-post-thumbnail","hentry","category-policiales","category-portada"],"jetpack_featured_media_url":"https:\/\/i0.wp.com\/cdnoticias.com\/wp-content\/uploads\/2021\/04\/correcional.jpg?fit=800%2C445&ssl=1","jetpack_sharing_enabled":true,"_links":{"self":[{"href":"https:\/\/cdnoticias.com\/index.php\/wp-json\/wp\/v2\/posts\/32885","targetHints":{"allow":["GET"]}}],"collection":[{"href":"https:\/\/cdnoticias.com\/index.php\/wp-json\/wp\/v2\/posts"}],"about":[{"href":"https:\/\/cdnoticias.com\/index.php\/wp-json\/wp\/v2\/types\/post"}],"author":[{"embeddable":true,"href":"https:\/\/cdnoticias.com\/index.php\/wp-json\/wp\/v2\/users\/3"}],"replies":[{"embeddable":true,"href":"https:\/\/cdnoticias.com\/index.php\/wp-json\/wp\/v2\/comments?post=32885"}],"version-history":[{"count":0,"href":"https:\/\/cdnoticias.com\/index.php\/wp-json\/wp\/v2\/posts\/32885\/revisions"}],"wp:featuredmedia":[{"embeddable":true,"href":"https:\/\/cdnoticias.com\/index.php\/wp-json\/wp\/v2\/media\/20049"}],"wp:attachment":[{"href":"https:\/\/cdnoticias.com\/index.php\/wp-json\/wp\/v2\/media?parent=32885"}],"wp:term":[{"taxonomy":"category","embeddable":true,"href":"https:\/\/cdnoticias.com\/index.php\/wp-json\/wp\/v2\/categories?post=32885"},{"taxonomy":"post_tag","embeddable":true,"href":"https:\/\/cdnoticias.com\/index.php\/wp-json\/wp\/v2\/tags?post=32885"}],"curies":[{"name":"wp","href":"https:\/\/api.w.org\/{rel}","templated":true}]}}