{"id":32876,"date":"2021-09-15T08:10:25","date_gmt":"2021-09-15T11:10:25","guid":{"rendered":"http:\/\/www.centraldenoticias.com.ar\/?p=32876"},"modified":"2021-09-15T08:10:25","modified_gmt":"2021-09-15T11:10:25","slug":"vuelve-el-gato-peters-al-teatro-municipal","status":"publish","type":"post","link":"https:\/\/cdnoticias.com\/index.php\/2021\/09\/15\/vuelve-el-gato-peters-al-teatro-municipal\/","title":{"rendered":"Vuelve el Gato Peters al Teatro Municipal"},"content":{"rendered":"<p>Se presentar\u00e1 el domingo 24 de octubre a las 20:30. Ya se encuentran a la venta las entradas.\u00a0<!--more--><\/p>\n<hr \/>\n<p>&nbsp;<\/p>\n<p>El <strong>Teatro Municipal<\/strong> recibe el <strong>humor del Gato Peters<\/strong>: un <strong>hombre del interior<\/strong>, de pampa, pura llanura. Al que <strong>la ciudad<\/strong> una vez lo hizo profesional. Y el camino, los paisajes, lo han llenado de <strong>historias.<\/strong><\/p>\n<p>&nbsp;<\/p>\n<p>El espect\u00e1culo <strong>&#8220;Cuentero 2021- Rebrote de Humor&#8221;<\/strong> se llevar\u00e1 a cabo el <strong>domingo 24 de octubre a las 20:30<\/strong>. Ya se encuentran a la <strong>venta las entradas.\u00a0<\/strong><\/p>\n<p>&nbsp;<\/p>\n<p><strong>\u201cAc\u00e1 me pongo a contar\u201d<\/strong>, suele presentarse el hombre. Y que de eso se trata; de <strong>contar siempre contar.<\/strong> Emotivo y ocurrente. \u201cYa han tenido los pol\u00edticos, los curas, los militares, quien los nombre y los se\u00f1ale, por las grandes cosas que hacen; ya est\u00e1 su nombre en la historia, los colegios y las calles. <strong>Yo<\/strong> <strong>cuento de gente simple<\/strong>: los que viven de entrecasa, pedaleando de ida y vuelta, en los pueblos de campa\u00f1a\u201d.<\/p>\n<p>&nbsp;<\/p>\n<p>&#8220;La gracia del apellido, de autos, talleres y mec\u00e1nicos, festejo de cumplea\u00f1os, diente por diente, romance de camionero, aquellos caramelos, y todas las <strong>an\u00e9cdotas<\/strong> que hemos pasado durante esta <strong>pandemia<\/strong>, son algunos de los<strong> temas del espect\u00e1culo<\/strong>&#8221; se indic\u00f3.<\/p>\n<p>&nbsp;<\/p>\n<p>Las <strong>entradas generales\u00a0<\/strong> tienen un valor de <strong>$1300<\/strong> y la venta se realiza en <strong>efectivo<\/strong>. Para los interesados pueden acercarse a la <strong>boleter\u00eda del Teatro<\/strong>, de\u00a0<strong>martes a viernes de 08:00 a 12:00.<\/strong><\/p>\n<p>&nbsp;<\/p>\n","protected":false},"excerpt":{"rendered":"<p>Se presentar\u00e1 el domingo 24 de octubre a las 20:30. Ya se encuentran a la venta las entradas.\u00a0<\/p>\n","protected":false},"author":6,"featured_media":32878,"comment_status":"closed","ping_status":"closed","sticky":false,"template":"","format":"standard","meta":{"_jetpack_memberships_contains_paid_content":false,"footnotes":""},"categories":[9,1],"tags":[],"class_list":["post-32876","post","type-post","status-publish","format-standard","has-post-thumbnail","hentry","category-cultura","category-portada"],"jetpack_featured_media_url":"https:\/\/i0.wp.com\/cdnoticias.com\/wp-content\/uploads\/2021\/09\/Gato-peters.jpg?fit=640%2C424&ssl=1","jetpack_sharing_enabled":true,"_links":{"self":[{"href":"https:\/\/cdnoticias.com\/index.php\/wp-json\/wp\/v2\/posts\/32876","targetHints":{"allow":["GET"]}}],"collection":[{"href":"https:\/\/cdnoticias.com\/index.php\/wp-json\/wp\/v2\/posts"}],"about":[{"href":"https:\/\/cdnoticias.com\/index.php\/wp-json\/wp\/v2\/types\/post"}],"author":[{"embeddable":true,"href":"https:\/\/cdnoticias.com\/index.php\/wp-json\/wp\/v2\/users\/6"}],"replies":[{"embeddable":true,"href":"https:\/\/cdnoticias.com\/index.php\/wp-json\/wp\/v2\/comments?post=32876"}],"version-history":[{"count":0,"href":"https:\/\/cdnoticias.com\/index.php\/wp-json\/wp\/v2\/posts\/32876\/revisions"}],"wp:featuredmedia":[{"embeddable":true,"href":"https:\/\/cdnoticias.com\/index.php\/wp-json\/wp\/v2\/media\/32878"}],"wp:attachment":[{"href":"https:\/\/cdnoticias.com\/index.php\/wp-json\/wp\/v2\/media?parent=32876"}],"wp:term":[{"taxonomy":"category","embeddable":true,"href":"https:\/\/cdnoticias.com\/index.php\/wp-json\/wp\/v2\/categories?post=32876"},{"taxonomy":"post_tag","embeddable":true,"href":"https:\/\/cdnoticias.com\/index.php\/wp-json\/wp\/v2\/tags?post=32876"}],"curies":[{"name":"wp","href":"https:\/\/api.w.org\/{rel}","templated":true}]}}