{"id":32829,"date":"2021-09-12T23:34:03","date_gmt":"2021-09-13T02:34:03","guid":{"rendered":"http:\/\/www.centraldenoticias.com.ar\/?p=32829"},"modified":"2021-09-12T23:34:03","modified_gmt":"2021-09-13T02:34:03","slug":"alejandro-cellillo-le-gana-la-interna-de-senadores-provinciales-a-robbiani","status":"publish","type":"post","link":"https:\/\/cdnoticias.com\/index.php\/2021\/09\/12\/alejandro-cellillo-le-gana-la-interna-de-senadores-provinciales-a-robbiani\/","title":{"rendered":"Alejandro Cellillo le gana la interna de senadores provinciales a Robbiani"},"content":{"rendered":"<p>Fue una de las grandes sorpresas de las PASO. El alvearense aventaja por tres mil votos al funcionario municipal.\u00a0<!--more--><\/p>\n<hr \/>\n<p>En una de las <strong>grandes sorpresas de la elecci\u00f3n primaria, el alvearense Alejandro Cellillo aventaja a Diego Robbiani en el apartado de senadores provinciales dentro de la interna de Juntos.<\/strong> El radical le sac\u00f3, con el 95% de los votos escrutados, tres mil votos de diferencia.<\/p>\n<p>&nbsp;<\/p>\n<blockquote><p>De esta forma, es una de las internas en el que el radicalismo se impuso ante el Pro en el marco seccional: Cellillo lleg\u00f3 casi al 52% de los votos mientras que Robbiani llevaba el 48% de la interna de Juntos en la S\u00e9ptima.<\/p><\/blockquote>\n<p>&nbsp;<\/p>\n<p>En la integraci\u00f3n, cabe se\u00f1alar, <strong>Cellillo ser\u00e1 el primer candidato a senador provincial, secundada por Lorena Mandagar\u00e1n del GEN y el tercer lugar para el olavarriense Robbiani, que formar\u00e1 parte de la lista de Juntos.<\/strong><\/p>\n<p>&nbsp;<\/p>\n<p>Cabe se\u00f1alar que<strong> Galli y Cellillo hablaron por tel\u00e9fono en el marco de la celebraci\u00f3n de Juntos a nivel local<\/strong> y en varios distritos, y tal como aconteci\u00f3 con Vergel, Matrella y el radicalismo, <strong>buscaron mostrar una imagen de unidad de cara a lo que viene.<\/strong><\/p>\n<p>&nbsp;<\/p>\n<p><em>(Foto: AlvearYa)<\/em><\/p>\n","protected":false},"excerpt":{"rendered":"<p>Fue una de las grandes sorpresas de las PASO. El alvearense aventaja por tres mil votos al funcionario municipal.\u00a0<\/p>\n","protected":false},"author":2,"featured_media":32830,"comment_status":"closed","ping_status":"closed","sticky":false,"template":"","format":"standard","meta":{"_jetpack_memberships_contains_paid_content":false,"footnotes":""},"categories":[17,1],"tags":[],"class_list":["post-32829","post","type-post","status-publish","format-standard","has-post-thumbnail","hentry","category-elecciones-2021","category-portada"],"jetpack_featured_media_url":"https:\/\/i0.wp.com\/cdnoticias.com\/wp-content\/uploads\/2021\/09\/PASO-2021-VOTO-ALE-CELLILLOthumbnail_IMG_0123.jpg?fit=960%2C640&ssl=1","jetpack_sharing_enabled":true,"_links":{"self":[{"href":"https:\/\/cdnoticias.com\/index.php\/wp-json\/wp\/v2\/posts\/32829","targetHints":{"allow":["GET"]}}],"collection":[{"href":"https:\/\/cdnoticias.com\/index.php\/wp-json\/wp\/v2\/posts"}],"about":[{"href":"https:\/\/cdnoticias.com\/index.php\/wp-json\/wp\/v2\/types\/post"}],"author":[{"embeddable":true,"href":"https:\/\/cdnoticias.com\/index.php\/wp-json\/wp\/v2\/users\/2"}],"replies":[{"embeddable":true,"href":"https:\/\/cdnoticias.com\/index.php\/wp-json\/wp\/v2\/comments?post=32829"}],"version-history":[{"count":0,"href":"https:\/\/cdnoticias.com\/index.php\/wp-json\/wp\/v2\/posts\/32829\/revisions"}],"wp:featuredmedia":[{"embeddable":true,"href":"https:\/\/cdnoticias.com\/index.php\/wp-json\/wp\/v2\/media\/32830"}],"wp:attachment":[{"href":"https:\/\/cdnoticias.com\/index.php\/wp-json\/wp\/v2\/media?parent=32829"}],"wp:term":[{"taxonomy":"category","embeddable":true,"href":"https:\/\/cdnoticias.com\/index.php\/wp-json\/wp\/v2\/categories?post=32829"},{"taxonomy":"post_tag","embeddable":true,"href":"https:\/\/cdnoticias.com\/index.php\/wp-json\/wp\/v2\/tags?post=32829"}],"curies":[{"name":"wp","href":"https:\/\/api.w.org\/{rel}","templated":true}]}}