{"id":32759,"date":"2023-03-26T23:27:29","date_gmt":"2023-03-27T02:27:29","guid":{"rendered":"http:\/\/centraldeportes.com.ar\/?p=32759"},"modified":"2025-02-11T13:36:54","modified_gmt":"2025-02-11T16:36:54","slug":"lujan-no-lo-pudo-sostener-y-se-fue-con-las-manos-vacias-del-colasurdo","status":"publish","type":"post","link":"https:\/\/cdnoticias.com\/index.php\/2023\/03\/26\/lujan-no-lo-pudo-sostener-y-se-fue-con-las-manos-vacias-del-colasurdo\/","title":{"rendered":"Luj\u00e1n no lo pudo sostener y se fue con las manos vac\u00edas del Colasurdo"},"content":{"rendered":"<p>El \u201cLujanero\u201d, que por momentos fue m\u00e1s que su rival, se aplac\u00f3 f\u00edsicamente en el complemento y cay\u00f3 por la m\u00ednima diferencia ante Chacarita de Azul en el c\u00e9sped \u201cCarbonero\u201d. Fue por la 5\u00b0 fecha de la Zona 4 perteneciente al Torneo Interligas.<!--more--><\/p>\n<hr \/>\n<p>El f\u00fatbol a veces es injusto y esta vez lo padeci\u00f3 <strong>Luj\u00e1n<\/strong>. Si bien se jug\u00f3 poco, <strong>por lo mostrado en el campo de juego el elenco olavarriense no mereci\u00f3 perder ante el \u201cFunebrero\u201d<\/strong>, que aprovech\u00f3 de buena manera una de las pocas que pate\u00f3 al arco en el complemento.<\/p>\n<p>&nbsp;<\/p>\n<p>El partido, enmarcado en la <strong>5\u00b0cita del certamen organizado por la Uni\u00f3n Deportiva Regional<\/strong>, se disput\u00f3 en el estadio <strong>Domingo Colasurdo<\/strong> donde hizo de local Luj\u00e1n. All\u00ed, <strong>con gol de Justino Borra en la etapa complementaria, Chacarita venci\u00f3 1 a 0 al equipo de Marchesi<\/strong>, estir\u00f3 su invicto y escal\u00f3 a los primeros puestos de la Zona 4.<\/p>\n<p>&nbsp;<\/p>\n<h6><strong>El partido, los detalles<\/strong><\/h6>\n<p>&nbsp;<\/p>\n<p>En l\u00edneas generales, Luj\u00e1n intent\u00f3 siempre durante los primeros 45 minutos quiz\u00e1 sin profundidad, pero fue el que m\u00e1s veces gan\u00f3 las divididas en la mitad de la cancha y pis\u00f3 reiteradas veces el terreno rival. A los 7\u2019, avis\u00f3 <strong>Monje<\/strong> con un cabezazo apenas desviado tras env\u00edo de pelota detenida ejecutado por <strong>Zerd\u00e1<\/strong>.<\/p>\n<p>&nbsp;<\/p>\n<p>[soliloquy id=&#8221;32727&#8243;]<\/p>\n<p>&nbsp;<\/p>\n<p>Tiempo m\u00e1s tarde, de no ser por <strong>Vivas<\/strong>, Chacarita se pudo haber ido ganando al descanso. Iban 41\u2019 en el reloj, <strong>Cos<\/strong> anticip\u00f3 un pase desde la banda izquierda y cuando quiso definir ya ten\u00eda encima al arquero \u201cLujanero\u201d, que se luci\u00f3 con una notable atajada y mantuvo la valla invicta.<\/p>\n<p>&nbsp;<\/p>\n<p>En el segundo tiempo hubo m\u00e1s paridad en las acciones, pero se repartieron la pelota y ambos elencos generaron poco f\u00fatbol. Minutos m\u00e1s tarde, el \u201cFunebrero\u201d azule\u00f1o tuvo m\u00e1s resto f\u00edsico que Luj\u00e1n, fue ganando terreno y tom\u00f3 protagonismo despu\u00e9s de los 65\u2019, aunque no sobrepas\u00f3 las l\u00edneas defensivas locales.<\/p>\n<p>&nbsp;<\/p>\n<h6><strong>Chacarita aprovech\u00f3 la diferencia num\u00e9rica<\/strong><\/h6>\n<p>El \u201cLujanero\u201d estuvo un par de minutos con un hombre de menos, con <strong>Arce<\/strong> extenuado f\u00edsicamente y el cambio que tard\u00f3 en realizarse. Fue en ese momento donde golpe\u00f3 Chacarita. <strong>Fue a los 81\u2019, donde el reci\u00e9n ingresado Justino Borra busc\u00f3 la pelota tras un centro desde el sector derecho, lleg\u00f3 a toda velocidad por la puerta del \u00e1rea y factur\u00f3 en la primera que toc\u00f3 para la alegr\u00eda de todo el banco \u201cFunebrero\u201d<\/strong>.<\/p>\n<p>&nbsp;<\/p>\n<p>Durante los minutos finales, los dirigidos por Marchesi adelantaron l\u00edneas y fueron a buscar el empate, pero se toparon con la seguridad bajo los tres palos de <strong>Francisco Oca\u00f1a<\/strong>. No pudo ser para <strong>Luj\u00e1n<\/strong>, que jugadas cinco fechas ostenta un r\u00e9cord de 3 ca\u00eddas y 1 empate (qued\u00f3 libre la 1\u00b0), y e<strong>l pr\u00f3ximo fin de semana viajar\u00e1 a Tapalqu\u00e9 nuevamente para enfrentar a Atl\u00e9tico por la 6\u00b0 fecha del certamen<\/strong>.<\/p>\n<p>&nbsp;<\/p>\n<p><strong>S\u00edntesis Luj\u00e1n \u2013 Chacarita: \u00a0<\/strong><\/p>\n<p><strong>Luj\u00e1n (0):<\/strong> Nicol\u00e1s Vivas; Marcelo Travers, Yair Orradre, Ezequiel Arce (E. Flores), Pedro Pender (A. Mart\u00ednez); Daniel Contrera (M. Oliveto), Ariel San Juli\u00e1n, Emmanuel Zerd\u00e1 (C. Basualdo), Alexis Laplace; Lautaro Colo y Nazareno Monje (T. Cano). DT: Juan Manuel Marchesi.<\/p>\n<p><strong>Chacarita (1): <\/strong>Francisco Oca\u00f1a; Marcelo Miglino, Ayrton Ben\u00edtez; Cristian Ver\u00e1, Esteban Casta\u00f1ares (M. De Marcos); Francisco Mingochea (J. Borra), Gast\u00f3n Borda, Ignacio Al\u00edz (D. Vidal), Agust\u00edn Parodi (A. Bianco); Mat\u00edas Palermo y Agust\u00edn Cos. DT: Jorge Pais \u2013 Ricardo Pais.<\/p>\n<p><strong>Goles<\/strong>: 36m. ST Justino Borra (CH).<\/p>\n<p><strong>Amonestados<\/strong>: Pender, Monje, Zerd\u00e1, Oliveto y Cano (Luj\u00e1n); Ver\u00e1, Parodi y De Marcos (Chacarita).<\/p>\n<p><strong>Expulsados<\/strong>: No hubo.<\/p>\n<p><strong>\u00c1rbitro<\/strong>: Augusto Garc\u00eda. <strong>Estadio<\/strong>: Domingo F. Colasurdo.<\/p>\n<p><strong>Reserva:<\/strong> Luj\u00e1n 0 \u2013 6 Chacarita.<\/p>\n","protected":false},"excerpt":{"rendered":"<p>El \u201cLujanero\u201d, que por momentos fue m\u00e1s que su rival, se aplac\u00f3 f\u00edsicamente en el complemento y cay\u00f3 por la<\/p>\n","protected":false},"author":96739694,"featured_media":154215,"comment_status":"closed","ping_status":"closed","sticky":false,"template":"","format":"standard","meta":{"_jetpack_memberships_contains_paid_content":false,"footnotes":""},"categories":[35,1,41],"tags":[],"class_list":["post-32759","post","type-post","status-publish","format-standard","has-post-thumbnail","hentry","category-futbol","category-portada","category-primera-y-reserva"],"jetpack_featured_media_url":"https:\/\/i0.wp.com\/cdnoticias.com\/wp-content\/uploads\/2023\/03\/lujan-chacarita-2.jpg?fit=1280%2C853&ssl=1","jetpack_sharing_enabled":true,"_links":{"self":[{"href":"https:\/\/cdnoticias.com\/index.php\/wp-json\/wp\/v2\/posts\/32759","targetHints":{"allow":["GET"]}}],"collection":[{"href":"https:\/\/cdnoticias.com\/index.php\/wp-json\/wp\/v2\/posts"}],"about":[{"href":"https:\/\/cdnoticias.com\/index.php\/wp-json\/wp\/v2\/types\/post"}],"author":[{"embeddable":true,"href":"https:\/\/cdnoticias.com\/index.php\/wp-json\/wp\/v2\/users\/96739694"}],"replies":[{"embeddable":true,"href":"https:\/\/cdnoticias.com\/index.php\/wp-json\/wp\/v2\/comments?post=32759"}],"version-history":[{"count":0,"href":"https:\/\/cdnoticias.com\/index.php\/wp-json\/wp\/v2\/posts\/32759\/revisions"}],"wp:featuredmedia":[{"embeddable":true,"href":"https:\/\/cdnoticias.com\/index.php\/wp-json\/wp\/v2\/media\/154215"}],"wp:attachment":[{"href":"https:\/\/cdnoticias.com\/index.php\/wp-json\/wp\/v2\/media?parent=32759"}],"wp:term":[{"taxonomy":"category","embeddable":true,"href":"https:\/\/cdnoticias.com\/index.php\/wp-json\/wp\/v2\/categories?post=32759"},{"taxonomy":"post_tag","embeddable":true,"href":"https:\/\/cdnoticias.com\/index.php\/wp-json\/wp\/v2\/tags?post=32759"}],"curies":[{"name":"wp","href":"https:\/\/api.w.org\/{rel}","templated":true}]}}