{"id":32757,"date":"2021-09-12T22:01:21","date_gmt":"2021-09-13T01:01:21","guid":{"rendered":"http:\/\/www.centraldenoticias.com.ar\/?p=32757"},"modified":"2021-09-12T23:14:46","modified_gmt":"2021-09-13T02:14:46","slug":"juntos-supera-al-frente-de-todos-por-20-puntos-de-diferencia","status":"publish","type":"post","link":"https:\/\/cdnoticias.com\/index.php\/2021\/09\/12\/juntos-supera-al-frente-de-todos-por-20-puntos-de-diferencia\/","title":{"rendered":"\u201cJuntos supera al Frente de Todos por 20 puntos de diferencia\u201d"},"content":{"rendered":"<p>El Intendente Galli habl\u00f3 y destac\u00f3 que el espacio \u201chizo una muy buena elecci\u00f3n\u201d. Dijo que tambi\u00e9n hubo buena performance del espacio en la S\u00e9ptima Secci\u00f3n.\u00a0<!--more--><\/p>\n<hr \/>\n<p>El <strong>Intendente Galli habl\u00f3 con los medios y los militantes y confirm\u00f3 la tendencia que se corrobora en los primeros datos oficiales: una ventaja de Juntos ante el Frente de Todos y de Bruno Cenizo ante Maximiliano Wesner.<\/strong><\/p>\n<p>&nbsp;<\/p>\n<p>En primera instancia agradeci\u00f3<em> \u201ca los fiscales de mesa, a los voluntarios, militantes, j\u00f3venes, estamos con mucha alegr\u00eda\u201d<\/em> y dijo que con el 60% de las mesas escrutadas <strong><em>\u201cson muy buenos los n\u00fameros\u201d.<\/em><\/strong><\/p>\n<p>&nbsp;<\/p>\n<p><img data-recalc-dims=\"1\" loading=\"lazy\" decoding=\"async\" class=\"alignnone size-full wp-image-32761\" src=\"https:\/\/i0.wp.com\/cdnoticias.com\/wp-content\/uploads\/2021\/09\/juntos05.jpg?resize=800%2C445&#038;ssl=1\" alt=\"\" width=\"800\" height=\"445\" srcset=\"https:\/\/i0.wp.com\/cdnoticias.com\/wp-content\/uploads\/2021\/09\/juntos05.jpg?w=800&amp;ssl=1 800w, https:\/\/i0.wp.com\/cdnoticias.com\/wp-content\/uploads\/2021\/09\/juntos05.jpg?resize=300%2C167&amp;ssl=1 300w, https:\/\/i0.wp.com\/cdnoticias.com\/wp-content\/uploads\/2021\/09\/juntos05.jpg?resize=768%2C427&amp;ssl=1 768w\" sizes=\"auto, (max-width: 800px) 100vw, 800px\" \/><\/p>\n<p>&nbsp;<\/p>\n<blockquote><p>Si bien <em>\u201chubo menos participaci\u00f3n de lo habitual\u201d<\/em> Galli dijo que en noviembre <em>\u201cese n\u00famero va a subir como pasa de las PASO a las generales\u201d.<\/em> Tambi\u00e9n celebr\u00f3 que<strong><em> \u201cen la Provincia el Colo Santilli est\u00e1 encabezando\u201d.<\/em><\/strong><\/p><\/blockquote>\n<p>&nbsp;<\/p>\n<p><img data-recalc-dims=\"1\" loading=\"lazy\" decoding=\"async\" class=\"alignnone size-full wp-image-32764\" src=\"https:\/\/i0.wp.com\/cdnoticias.com\/wp-content\/uploads\/2021\/09\/juntos02.jpg?resize=800%2C445&#038;ssl=1\" alt=\"\" width=\"800\" height=\"445\" srcset=\"https:\/\/i0.wp.com\/cdnoticias.com\/wp-content\/uploads\/2021\/09\/juntos02.jpg?w=800&amp;ssl=1 800w, https:\/\/i0.wp.com\/cdnoticias.com\/wp-content\/uploads\/2021\/09\/juntos02.jpg?resize=300%2C167&amp;ssl=1 300w, https:\/\/i0.wp.com\/cdnoticias.com\/wp-content\/uploads\/2021\/09\/juntos02.jpg?resize=768%2C427&amp;ssl=1 768w\" sizes=\"auto, (max-width: 800px) 100vw, 800px\" \/><\/p>\n<p>&nbsp;<\/p>\n<p>Tras repasar las cifras locales, dijo visiblemente euf\u00f3rico que <strong><em>\u201cJuntos supera al FdT por 20 puntos de diferencia\u201d<\/em><\/strong> adem\u00e1s de repasar las buenas elecciones en la S\u00e9ptima Secci\u00f3n como Saladillo y Bol\u00edvar, entre otros distritos.<\/p>\n","protected":false},"excerpt":{"rendered":"<p>El Intendente Galli habl\u00f3 y destac\u00f3 que el espacio \u201chizo una muy buena elecci\u00f3n\u201d. Dijo que tambi\u00e9n hubo buena performance<\/p>\n","protected":false},"author":2,"featured_media":32763,"comment_status":"closed","ping_status":"closed","sticky":false,"template":"","format":"standard","meta":{"_jetpack_memberships_contains_paid_content":false,"footnotes":""},"categories":[17],"tags":[],"class_list":["post-32757","post","type-post","status-publish","format-standard","has-post-thumbnail","hentry","category-elecciones-2021"],"jetpack_featured_media_url":"https:\/\/i0.wp.com\/cdnoticias.com\/wp-content\/uploads\/2021\/09\/juntos03.jpg?fit=800%2C445&ssl=1","jetpack_sharing_enabled":true,"_links":{"self":[{"href":"https:\/\/cdnoticias.com\/index.php\/wp-json\/wp\/v2\/posts\/32757","targetHints":{"allow":["GET"]}}],"collection":[{"href":"https:\/\/cdnoticias.com\/index.php\/wp-json\/wp\/v2\/posts"}],"about":[{"href":"https:\/\/cdnoticias.com\/index.php\/wp-json\/wp\/v2\/types\/post"}],"author":[{"embeddable":true,"href":"https:\/\/cdnoticias.com\/index.php\/wp-json\/wp\/v2\/users\/2"}],"replies":[{"embeddable":true,"href":"https:\/\/cdnoticias.com\/index.php\/wp-json\/wp\/v2\/comments?post=32757"}],"version-history":[{"count":0,"href":"https:\/\/cdnoticias.com\/index.php\/wp-json\/wp\/v2\/posts\/32757\/revisions"}],"wp:featuredmedia":[{"embeddable":true,"href":"https:\/\/cdnoticias.com\/index.php\/wp-json\/wp\/v2\/media\/32763"}],"wp:attachment":[{"href":"https:\/\/cdnoticias.com\/index.php\/wp-json\/wp\/v2\/media?parent=32757"}],"wp:term":[{"taxonomy":"category","embeddable":true,"href":"https:\/\/cdnoticias.com\/index.php\/wp-json\/wp\/v2\/categories?post=32757"},{"taxonomy":"post_tag","embeddable":true,"href":"https:\/\/cdnoticias.com\/index.php\/wp-json\/wp\/v2\/tags?post=32757"}],"curies":[{"name":"wp","href":"https:\/\/api.w.org\/{rel}","templated":true}]}}