{"id":3275,"date":"2021-08-10T22:00:15","date_gmt":"2021-08-11T01:00:15","guid":{"rendered":"http:\/\/centraldeportes.com.ar\/?p=3275"},"modified":"2025-01-28T22:08:17","modified_gmt":"2025-01-29T01:08:17","slug":"javier-frias-y-las-nuevas-medidas-son-solo-para-inferiores-en-primera-no-puede-haber-100-personas","status":"publish","type":"post","link":"https:\/\/cdnoticias.com\/index.php\/2021\/08\/10\/javier-frias-y-las-nuevas-medidas-son-solo-para-inferiores-en-primera-no-puede-haber-100-personas\/","title":{"rendered":"Javier Fr\u00edas y las nuevas medidas: \u201cEn Primera no puede haber 100 personas\u201d"},"content":{"rendered":"<p>El presidente de la Liga de F\u00fatbol de Olavarr\u00eda habl\u00f3 con La Ma\u00f1ana de Radio Universidad sobre las nuevas medidas dispuestas por el Gobierno Municipal que incluyen m\u00e1s presencia de p\u00fablico en las divisiones formativas y la posibilidad de usar los vestuarios: \u201cEsto va a ayudar a los clubes que tienen una situaci\u00f3n econ\u00f3mica complicada\u201d.<!--more--><\/p>\n<hr \/>\n<p>Javier Fr\u00edas, candidato tambi\u00e9n a concejal del espacio Juntos, sostuvo que \u201c<strong><em>ya ven\u00edamos teniendo reuniones solicitando m\u00e1s gente en los estadios y a los clubes les viene muy bien porque es complicada la situaci\u00f3n econ\u00f3mica que est\u00e1n atravesando y tambi\u00e9n se logr\u00f3 el poder cambiarse en los vestuarios cada 5 personas, salen, vuelven a ingresar otras 5<\/em><\/strong>\u201d.<\/p>\n<p>&nbsp;<\/p>\n<p>\u201c<strong><em>Hicimos una reuni\u00f3n con los delegados y presidentes de los clubes para aclarar que son 100 personas por categor\u00eda y s\u00f3lo en el f\u00fatbol de Inferiores y explicamos que los vestuarios no se pueden utilizar para charlas t\u00e9cnicas, tampoco se pueden ba\u00f1ar y hay que desinfectar entre categor\u00eda y categor\u00eda<\/em><\/strong>\u201d, agreg\u00f3 el presidente de la entidad reguladora del f\u00fatbol local.<\/p>\n<p>&nbsp;<\/p>\n<p><img data-recalc-dims=\"1\" loading=\"lazy\" decoding=\"async\" class=\"aligncenter size-full wp-image-2576\" src=\"https:\/\/i0.wp.com\/centraldeportes.com.ar\/wp-content\/uploads\/2021\/07\/novillo.png?resize=800%2C445\" alt=\"\" width=\"800\" height=\"445\" \/><\/p>\n<p>&nbsp;<\/p>\n<p>El ex presidente de Ferro aclar\u00f3 que en Primera Divisi\u00f3n no hubo modificaciones: \u201c<em><strong>En Primera no est\u00e1n permitidas las 100 personas por una normativa de la Aprevide, eso no se modifica porque necesitas polic\u00eda que pasa por la Provincia<\/strong><\/em>\u201d.<\/p>\n<p>&nbsp;<\/p>\n<blockquote><p>\u201cLa Uni\u00f3n de Clubes se fund\u00f3 y en algunos aspectos es muy positiva, tratan de ir encaminados en b\u00fasqueda de un objetivo, pero cuando la pelota empieza a rodar empiezan los problemas\u201d<\/p><\/blockquote>\n<p>&nbsp;<\/p>\n<p>\u201c<strong><em>Le pido a los padres, y a todo aquel que vaya a ver un partido de inferiores, que colabore con los dirigentes, que sea solidario para que m\u00e1s gente pueda ir a ver Inferiores y que no se tenga que volver a parar como ya ocurri\u00f3 en abril<\/em><\/strong>\u201d, agreg\u00f3 el comerciante.<\/p>\n<p>&nbsp;<\/p>\n<p><img data-recalc-dims=\"1\" loading=\"lazy\" decoding=\"async\" class=\"aligncenter size-large wp-image-799\" src=\"https:\/\/i0.wp.com\/centraldeportes.com.ar\/wp-content\/uploads\/2021\/06\/WhatsApp-Image-2021-06-12-at-20.40.42-1-1024x682.jpeg?resize=800%2C533\" alt=\"\" width=\"800\" height=\"533\" \/><\/p>\n<p>&nbsp;<\/p>\n<p>Por \u00faltimo, Javier Fr\u00edas que asumi\u00f3 la presidencia de la Liga de F\u00fatbol de Olavarr\u00eda en junio del 2020, en plena pandemia coment\u00f3 que varios de los planes de proyecci\u00f3n los tuvieron que postergar: \u201c<strong><em>Ten\u00edamos pensado para fines del 2020 regionalizar la competencia, iniciar el futsal, todas cosas que debimos postergar, pero bueno\u2026 es lo que nos toc\u00f3\u201d<\/em><\/strong>.<\/p>\n<p>&nbsp;<\/p>\n<p>&nbsp;<\/p>\n","protected":false},"excerpt":{"rendered":"<p>El presidente de la Liga de F\u00fatbol de Olavarr\u00eda habl\u00f3 con La Ma\u00f1ana de Radio Universidad sobre las nuevas medidas<\/p>\n","protected":false},"author":96739694,"featured_media":142005,"comment_status":"closed","ping_status":"closed","sticky":false,"template":"","format":"standard","meta":{"_jetpack_memberships_contains_paid_content":false,"footnotes":""},"categories":[35,40,1,41],"tags":[],"class_list":["post-3275","post","type-post","status-publish","format-standard","has-post-thumbnail","hentry","category-futbol","category-inferiores","category-portada","category-primera-y-reserva"],"jetpack_featured_media_url":"https:\/\/i0.wp.com\/cdnoticias.com\/wp-content\/uploads\/2021\/05\/lfo.png?fit=800%2C445&ssl=1","jetpack_sharing_enabled":true,"_links":{"self":[{"href":"https:\/\/cdnoticias.com\/index.php\/wp-json\/wp\/v2\/posts\/3275","targetHints":{"allow":["GET"]}}],"collection":[{"href":"https:\/\/cdnoticias.com\/index.php\/wp-json\/wp\/v2\/posts"}],"about":[{"href":"https:\/\/cdnoticias.com\/index.php\/wp-json\/wp\/v2\/types\/post"}],"author":[{"embeddable":true,"href":"https:\/\/cdnoticias.com\/index.php\/wp-json\/wp\/v2\/users\/96739694"}],"replies":[{"embeddable":true,"href":"https:\/\/cdnoticias.com\/index.php\/wp-json\/wp\/v2\/comments?post=3275"}],"version-history":[{"count":0,"href":"https:\/\/cdnoticias.com\/index.php\/wp-json\/wp\/v2\/posts\/3275\/revisions"}],"wp:featuredmedia":[{"embeddable":true,"href":"https:\/\/cdnoticias.com\/index.php\/wp-json\/wp\/v2\/media\/142005"}],"wp:attachment":[{"href":"https:\/\/cdnoticias.com\/index.php\/wp-json\/wp\/v2\/media?parent=3275"}],"wp:term":[{"taxonomy":"category","embeddable":true,"href":"https:\/\/cdnoticias.com\/index.php\/wp-json\/wp\/v2\/categories?post=3275"},{"taxonomy":"post_tag","embeddable":true,"href":"https:\/\/cdnoticias.com\/index.php\/wp-json\/wp\/v2\/tags?post=3275"}],"curies":[{"name":"wp","href":"https:\/\/api.w.org\/{rel}","templated":true}]}}