{"id":32733,"date":"2021-09-12T21:06:41","date_gmt":"2021-09-13T00:06:41","guid":{"rendered":"http:\/\/www.centraldenoticias.com.ar\/?p=32733"},"modified":"2021-09-12T21:06:41","modified_gmt":"2021-09-13T00:06:41","slug":"andrea-coronel-el-resultado-no-fue-el-esperado-pero-estamos-dispuestos-a-revertirlo","status":"publish","type":"post","link":"https:\/\/cdnoticias.com\/index.php\/2021\/09\/12\/andrea-coronel-el-resultado-no-fue-el-esperado-pero-estamos-dispuestos-a-revertirlo\/","title":{"rendered":"Andrea Coronel: \u201cEl resultado no fue el esperado, pero estamos dispuestos a revertirlo\u201d"},"content":{"rendered":"<p>La primera precandidata de \u201cVamos con vos\u201d se\u00f1al\u00f3 que por lo analizado superar\u00edan el piso de las PASO y \u201cestamos contentos, seguiremos trabajando para apostar a este frente en Olavarr\u00eda\u201d.\u00a0<!--more--><\/p>\n<hr \/>\n<p>En las primeras voces tras las PASO de este domingo,<strong> la primera precandidata a concejal de \u201cVamos con vos\u201d Andrea Coronel, destac\u00f3 en di\u00e1logo con Radio Universidad que, si bien el resultado no fue el esperado, \u201cestamos muy contentos y dispuestos a revertirlo\u201d.<\/strong><\/p>\n<p>&nbsp;<\/p>\n<p>Si bien no hay n\u00fameros oficiales, <strong>los primeros contactos con fiscales generales mostraron que el resultado no ser\u00eda el que esperaban desde el espacio<\/strong>: <em>\u201cpor ser que tuvimos una campa\u00f1a corta, sabemos que nos falta caminar m\u00e1s, m\u00e1s trabajo, estamos muy contentos. Queremos revertir lo que suceda\u201d.<\/em><\/p>\n<p>&nbsp;<\/p>\n<blockquote><p>Reiter\u00f3 que \u201cac\u00e1 est\u00e1 el equipo firme, dispuestos a revertir el resultado\u201d.<\/p><\/blockquote>\n<p>&nbsp;<\/p>\n<p><strong>Hubo un momento de autocr\u00edtica y explicaciones por el \u201cresultado no esperado\u201d<\/strong> y Coronel se\u00f1al\u00f3 que <em>\u201csabemos que nos falt\u00f3 trabajar mucho, tuvimos poco tiempo y la campa\u00f1a fue corta, pero estamos contentos, seguiremos trabajando para apostar a este frente ac\u00e1 en Olavarr\u00eda para que la gente conozca a Florencio y este resultado se revierta\u201d.<\/em><\/p>\n<p>&nbsp;<\/p>\n<p>Confirm\u00f3, a su vez, que <em><strong>\u201cel piso fue superado, as\u00ed que ahora hay que seguir.<\/strong> Estamos agotados, trabajamos en la fiscalizaci\u00f3n y tenemos que trabajar m\u00e1s\u201d.<\/em><\/p>\n","protected":false},"excerpt":{"rendered":"<p>La primera precandidata de \u201cVamos con vos\u201d se\u00f1al\u00f3 que por lo analizado superar\u00edan el piso de las PASO y \u201cestamos<\/p>\n","protected":false},"author":2,"featured_media":32737,"comment_status":"closed","ping_status":"closed","sticky":false,"template":"","format":"standard","meta":{"_jetpack_memberships_contains_paid_content":false,"footnotes":""},"categories":[17,1],"tags":[],"class_list":["post-32733","post","type-post","status-publish","format-standard","has-post-thumbnail","hentry","category-elecciones-2021","category-portada"],"jetpack_featured_media_url":"https:\/\/i0.wp.com\/cdnoticias.com\/wp-content\/uploads\/2021\/09\/Coronel.jpg?fit=800%2C445&ssl=1","jetpack_sharing_enabled":true,"_links":{"self":[{"href":"https:\/\/cdnoticias.com\/index.php\/wp-json\/wp\/v2\/posts\/32733","targetHints":{"allow":["GET"]}}],"collection":[{"href":"https:\/\/cdnoticias.com\/index.php\/wp-json\/wp\/v2\/posts"}],"about":[{"href":"https:\/\/cdnoticias.com\/index.php\/wp-json\/wp\/v2\/types\/post"}],"author":[{"embeddable":true,"href":"https:\/\/cdnoticias.com\/index.php\/wp-json\/wp\/v2\/users\/2"}],"replies":[{"embeddable":true,"href":"https:\/\/cdnoticias.com\/index.php\/wp-json\/wp\/v2\/comments?post=32733"}],"version-history":[{"count":0,"href":"https:\/\/cdnoticias.com\/index.php\/wp-json\/wp\/v2\/posts\/32733\/revisions"}],"wp:featuredmedia":[{"embeddable":true,"href":"https:\/\/cdnoticias.com\/index.php\/wp-json\/wp\/v2\/media\/32737"}],"wp:attachment":[{"href":"https:\/\/cdnoticias.com\/index.php\/wp-json\/wp\/v2\/media?parent=32733"}],"wp:term":[{"taxonomy":"category","embeddable":true,"href":"https:\/\/cdnoticias.com\/index.php\/wp-json\/wp\/v2\/categories?post=32733"},{"taxonomy":"post_tag","embeddable":true,"href":"https:\/\/cdnoticias.com\/index.php\/wp-json\/wp\/v2\/tags?post=32733"}],"curies":[{"name":"wp","href":"https:\/\/api.w.org\/{rel}","templated":true}]}}