{"id":32691,"date":"2021-09-12T19:48:49","date_gmt":"2021-09-12T22:48:49","guid":{"rendered":"http:\/\/www.centraldenoticias.com.ar\/?p=32691"},"modified":"2021-09-12T19:48:49","modified_gmt":"2021-09-12T22:48:49","slug":"wado-de-pedro-es-una-jornada-electoral-historica","status":"publish","type":"post","link":"https:\/\/cdnoticias.com\/index.php\/2021\/09\/12\/wado-de-pedro-es-una-jornada-electoral-historica\/","title":{"rendered":"\u201cWado\u201d de Pedro: \u201ces una jornada electoral hist\u00f3rica\u201d"},"content":{"rendered":"<p>Adelant\u00f3 que los resultados estar\u00e1n desde las 21 horas, y hasta las 18 horas, el 67% del padr\u00f3n nacional hab\u00eda ido a votar.\u00a0<!--more--><\/p>\n<hr \/>\n<p>El ministro del Interior, <strong>Eduardo &#8220;Wado&#8221; de Pedro<\/strong>, afirm\u00f3 que las primarias abiertas, simult\u00e1neas y obligatorias (PASO) representaron una &#8220;jornada electoral hist\u00f3rica&#8221; con &#8220;un muy buen n\u00famero de participaci\u00f3n, el 67% hasta las 18&#8221;, e inform\u00f3 que <strong>los primeros resultados provisorios se podr\u00edan conocer a partir de las 21 de este domingo.<\/strong><\/p>\n<p>&nbsp;<\/p>\n<p><em>&#8220;Hemos tenido una jornada electoral en paz, con tranquilidad y con orden. A esta hora (pasadas las 19) hay 1.900 escuelas que todav\u00eda est\u00e1n votando, pero se puede decir que<strong> la voluntad y las ganas de votar estuvieron presentes porque hasta las 18 ten\u00edamos 67% de participaci\u00f3n electoral<\/strong>&#8220;,<\/em> dijo De Pedro al brindar un mensaje desde la sede del Correo Argentino.<\/p>\n<p>&nbsp;<\/p>\n<p>Acompa\u00f1ado por la secretaria de Asuntos Pol\u00edticos, Patricia Garcia Blanco; y la directora Nacional Electoral, Diana Quiodo; De Pedro estim\u00f3 que<strong><em> &#8220;se podr\u00eda estar dando los primeros resultados provisorios a las 21 horas&#8221;<\/em><\/strong> si <em>&#8220;los procesos en las escuelas y los protocolos sanitarios lo permiten y no se ralentiza el proceso y los telegramas llegan con normalidad&#8221;.<\/em><\/p>\n<p>&nbsp;<\/p>\n<blockquote><p>&#8220;Vamos a estar procesando todos los telegramas que nos llegan y podr\u00edamos estar dando los primeros resultados provisorios a eso de las 21&#8221;, inform\u00f3 el titular de la cartera pol\u00edtica y precis\u00f3 que ir\u00e1 &#8220;hablando con los dirigentes de la oposici\u00f3n para ir inform\u00e1ndolos&#8221; de la situaci\u00f3n.<\/p><\/blockquote>\n<p>&nbsp;<\/p>\n<p>Asimismo, destac\u00f3 el<em> &#8220;consenso alcanzado en el Congreso nacional para correr cinco semanas la elecci\u00f3n&#8221;<\/em> de este domingo y las legislativas de noviembre, debido a la pandemia, lo que <strong><em>&#8220;permiti\u00f3 que 12 millones de personas se puedan vacunar&#8221;<\/em> <\/strong>contra el coronavirus en estas \u00faltimas semanas.<\/p>\n<p>&nbsp;<\/p>\n<p><strong><em>&#8220;De esta manera pudimos ir a votar con m\u00e1s tranquilidad y menos miedo&#8221;,<\/em><\/strong> dijo De Pedro y agradeci\u00f3 a los<em> &#8220;millones de argentinos que fueron a votar&#8221;<\/em> durante la jornada de este domingo, lo que<em> &#8220;refuerza el esp\u00edritu democr\u00e1tico y de participaci\u00f3n que hay en la sociedad argentina&#8221;.<\/em><\/p>\n<p>&nbsp;<\/p>\n<p><strong><em>Fuente: T\u00e9lam<\/em><\/strong><\/p>\n","protected":false},"excerpt":{"rendered":"<p>Adelant\u00f3 que los resultados estar\u00e1n desde las 21 horas, y hasta las 18 horas, el 67% del padr\u00f3n nacional hab\u00eda<\/p>\n","protected":false},"author":2,"featured_media":32692,"comment_status":"closed","ping_status":"closed","sticky":false,"template":"","format":"standard","meta":{"_jetpack_memberships_contains_paid_content":false,"footnotes":""},"categories":[6,1],"tags":[],"class_list":["post-32691","post","type-post","status-publish","format-standard","has-post-thumbnail","hentry","category-nacionales","category-portada"],"jetpack_featured_media_url":"https:\/\/i0.wp.com\/cdnoticias.com\/wp-content\/uploads\/2021\/09\/wado-de-pedro.jpg?fit=1004%2C565&ssl=1","jetpack_sharing_enabled":true,"_links":{"self":[{"href":"https:\/\/cdnoticias.com\/index.php\/wp-json\/wp\/v2\/posts\/32691","targetHints":{"allow":["GET"]}}],"collection":[{"href":"https:\/\/cdnoticias.com\/index.php\/wp-json\/wp\/v2\/posts"}],"about":[{"href":"https:\/\/cdnoticias.com\/index.php\/wp-json\/wp\/v2\/types\/post"}],"author":[{"embeddable":true,"href":"https:\/\/cdnoticias.com\/index.php\/wp-json\/wp\/v2\/users\/2"}],"replies":[{"embeddable":true,"href":"https:\/\/cdnoticias.com\/index.php\/wp-json\/wp\/v2\/comments?post=32691"}],"version-history":[{"count":0,"href":"https:\/\/cdnoticias.com\/index.php\/wp-json\/wp\/v2\/posts\/32691\/revisions"}],"wp:featuredmedia":[{"embeddable":true,"href":"https:\/\/cdnoticias.com\/index.php\/wp-json\/wp\/v2\/media\/32692"}],"wp:attachment":[{"href":"https:\/\/cdnoticias.com\/index.php\/wp-json\/wp\/v2\/media?parent=32691"}],"wp:term":[{"taxonomy":"category","embeddable":true,"href":"https:\/\/cdnoticias.com\/index.php\/wp-json\/wp\/v2\/categories?post=32691"},{"taxonomy":"post_tag","embeddable":true,"href":"https:\/\/cdnoticias.com\/index.php\/wp-json\/wp\/v2\/tags?post=32691"}],"curies":[{"name":"wp","href":"https:\/\/api.w.org\/{rel}","templated":true}]}}