{"id":32689,"date":"2021-09-12T19:03:48","date_gmt":"2021-09-12T22:03:48","guid":{"rendered":"http:\/\/www.centraldenoticias.com.ar\/?p=32689"},"modified":"2021-09-12T20:15:34","modified_gmt":"2021-09-12T23:15:34","slug":"cierre-de-comicios-en-olavarria-voto-el-69-del-padron","status":"publish","type":"post","link":"https:\/\/cdnoticias.com\/index.php\/2021\/09\/12\/cierre-de-comicios-en-olavarria-voto-el-69-del-padron\/","title":{"rendered":"Cierre de comicios: en Olavarr\u00eda vot\u00f3 el 69% del padr\u00f3n"},"content":{"rendered":"<p>Son 6% menos que en las PASO de 2019. La elecci\u00f3n se extendi\u00f3 al menos 45 minutos en varias escuelas por las largas colas. Ya se cuentan los votos.\u00a0<!--more--><\/p>\n<hr \/>\n<p>Tras las demoras por el cumplimiento del protocolo sanitario, desde el <strong>Ej\u00e9rcito confirmaron que en Olavarr\u00eda vot\u00f3 el 69% del padr\u00f3n, 6 puntos menos que lo sucedido en las PASO de 2019.<\/strong><\/p>\n<p>&nbsp;<\/p>\n<p><strong>La pandemia, las demoras y las largas colas generaron que al menos se estire 45 minutos m\u00e1s la votaci\u00f3n<\/strong>, sobretodo en escuelas donde al momento del cierre persist\u00eda la gente en filas para poder emitir su sufragio.<\/p>\n<p>&nbsp;<\/p>\n<blockquote><p>Esto ya estaba contemplado y desde las autoridades electorales brindaron n\u00fameros para que los ciudadanos y ciudadanas esperen a su turno y as\u00ed poder votar.<\/p><\/blockquote>\n<p>&nbsp;<\/p>\n<p>Ahora comenz\u00f3 la cuenta regresiva: <strong>los votos comenzaron a ser contados y se estima que pasadas las 21 horas habr\u00e1 una tendencia sobre lo que suceda en Olavarr\u00eda<\/strong>, mientras tambi\u00e9n se aguardan resultados a nivel provincial y nacional.<\/p>\n","protected":false},"excerpt":{"rendered":"<p>Son 6% menos que en las PASO de 2019. La elecci\u00f3n se extendi\u00f3 al menos 45 minutos en varias escuelas<\/p>\n","protected":false},"author":2,"featured_media":32655,"comment_status":"closed","ping_status":"closed","sticky":false,"template":"","format":"standard","meta":{"_jetpack_memberships_contains_paid_content":false,"footnotes":""},"categories":[17,1],"tags":[],"class_list":["post-32689","post","type-post","status-publish","format-standard","has-post-thumbnail","hentry","category-elecciones-2021","category-portada"],"jetpack_featured_media_url":"https:\/\/i0.wp.com\/cdnoticias.com\/wp-content\/uploads\/2021\/09\/WhatsApp-Image-2021-09-12-at-11.35.21-1.jpeg?fit=1600%2C890&ssl=1","jetpack_sharing_enabled":true,"_links":{"self":[{"href":"https:\/\/cdnoticias.com\/index.php\/wp-json\/wp\/v2\/posts\/32689","targetHints":{"allow":["GET"]}}],"collection":[{"href":"https:\/\/cdnoticias.com\/index.php\/wp-json\/wp\/v2\/posts"}],"about":[{"href":"https:\/\/cdnoticias.com\/index.php\/wp-json\/wp\/v2\/types\/post"}],"author":[{"embeddable":true,"href":"https:\/\/cdnoticias.com\/index.php\/wp-json\/wp\/v2\/users\/2"}],"replies":[{"embeddable":true,"href":"https:\/\/cdnoticias.com\/index.php\/wp-json\/wp\/v2\/comments?post=32689"}],"version-history":[{"count":0,"href":"https:\/\/cdnoticias.com\/index.php\/wp-json\/wp\/v2\/posts\/32689\/revisions"}],"wp:featuredmedia":[{"embeddable":true,"href":"https:\/\/cdnoticias.com\/index.php\/wp-json\/wp\/v2\/media\/32655"}],"wp:attachment":[{"href":"https:\/\/cdnoticias.com\/index.php\/wp-json\/wp\/v2\/media?parent=32689"}],"wp:term":[{"taxonomy":"category","embeddable":true,"href":"https:\/\/cdnoticias.com\/index.php\/wp-json\/wp\/v2\/categories?post=32689"},{"taxonomy":"post_tag","embeddable":true,"href":"https:\/\/cdnoticias.com\/index.php\/wp-json\/wp\/v2\/tags?post=32689"}],"curies":[{"name":"wp","href":"https:\/\/api.w.org\/{rel}","templated":true}]}}