{"id":3267,"date":"2020-10-06T08:00:08","date_gmt":"2020-10-06T11:00:08","guid":{"rendered":"http:\/\/www.centraldenoticias.com.ar\/?p=3267"},"modified":"2020-10-06T12:01:54","modified_gmt":"2020-10-06T15:01:54","slug":"no-hace-falta-la-vacuna-para-volver-a-clases","status":"publish","type":"post","link":"https:\/\/cdnoticias.com\/index.php\/2020\/10\/06\/no-hace-falta-la-vacuna-para-volver-a-clases\/","title":{"rendered":"\u201cNo hace falta la vacuna para volver a clases\u201d"},"content":{"rendered":"<p>El Ministro de Educaci\u00f3n nacional, Nicol\u00e1s Trotta, se\u00f1al\u00f3 que m\u00e1s all\u00e1 de la posibilidad concreta del regreso a clases antes de una soluci\u00f3n definitiva a la pandemia, se deben dar \u201cpasos seguros\u201d para cumplir con el objetivo.<!--more--><\/p>\n<hr \/>\n<p>En el marco de una reuni\u00f3n que tendr\u00e1n los ministros de las 24 provincias del pa\u00eds, <strong>el titular de la cartera de Educaci\u00f3n nacional, Nicol\u00e1s Trotta, se mostr\u00f3 optimista sobre el regreso a las clases a\u00fan durante el contexto de pandemia.<\/strong><\/p>\n<p>&nbsp;<\/p>\n<p><em>\u201cTenemos que aprender a convivir con el Covid. No hace falta una vacuna para volver a las clases, pero s\u00ed tiene que haber ciertos datos objetivos que nos permitan dar pasos sin exponer a nuestra comunidad educativa\u201d<\/em>, indic\u00f3 el funcionario nacional.<\/p>\n<p>&nbsp;<\/p>\n<p>Trotta cont\u00f3<em> \u201cen todas las provincias en las que regresamos a las aulas, pusimos prioridad en los que terminan nivel, como ocurri\u00f3 hoy en la provincia de San Luis o en Formosa, que ya lleva m\u00e1s de un mes de dictado de clases presenciales\u201d<\/em>. Sin embargo, el ministro habl\u00f3 de una vuelta <strong><em>\u201csegura, progresiva y escalonada\u201d.<\/em><\/strong><\/p>\n<p>&nbsp;<\/p>\n<p>El ministro tambi\u00e9n se refiri\u00f3 a las declaraciones de Massa quien, en un Zoom con dirigentes del Frente Renovador, dijo que <strong><em>\u201clos chicos de sexto grado y sexto a\u00f1o de todo el pa\u00eds deber\u00edan volver ya a clases\u201d.<\/em><\/strong> Trotta dijo que comparte <em>\u201cesa voluntad\u201d<\/em> y que tienen una <em>\u201cagenda de trabajo en com\u00fan\u201d.<\/em><\/p>\n","protected":false},"excerpt":{"rendered":"<p>El Ministro de Educaci\u00f3n nacional, Nicol\u00e1s Trotta, se\u00f1al\u00f3 que m\u00e1s all\u00e1 de la posibilidad concreta del regreso a clases antes<\/p>\n","protected":false},"author":2,"featured_media":3268,"comment_status":"closed","ping_status":"closed","sticky":false,"template":"","format":"standard","meta":{"_jetpack_memberships_contains_paid_content":false,"footnotes":""},"categories":[6,1],"tags":[],"class_list":["post-3267","post","type-post","status-publish","format-standard","has-post-thumbnail","hentry","category-nacionales","category-portada"],"jetpack_featured_media_url":"https:\/\/i0.wp.com\/cdnoticias.com\/wp-content\/uploads\/2020\/10\/Nicolas-Trotta.jpg?fit=960%2C640&ssl=1","jetpack_sharing_enabled":true,"_links":{"self":[{"href":"https:\/\/cdnoticias.com\/index.php\/wp-json\/wp\/v2\/posts\/3267","targetHints":{"allow":["GET"]}}],"collection":[{"href":"https:\/\/cdnoticias.com\/index.php\/wp-json\/wp\/v2\/posts"}],"about":[{"href":"https:\/\/cdnoticias.com\/index.php\/wp-json\/wp\/v2\/types\/post"}],"author":[{"embeddable":true,"href":"https:\/\/cdnoticias.com\/index.php\/wp-json\/wp\/v2\/users\/2"}],"replies":[{"embeddable":true,"href":"https:\/\/cdnoticias.com\/index.php\/wp-json\/wp\/v2\/comments?post=3267"}],"version-history":[{"count":0,"href":"https:\/\/cdnoticias.com\/index.php\/wp-json\/wp\/v2\/posts\/3267\/revisions"}],"wp:featuredmedia":[{"embeddable":true,"href":"https:\/\/cdnoticias.com\/index.php\/wp-json\/wp\/v2\/media\/3268"}],"wp:attachment":[{"href":"https:\/\/cdnoticias.com\/index.php\/wp-json\/wp\/v2\/media?parent=3267"}],"wp:term":[{"taxonomy":"category","embeddable":true,"href":"https:\/\/cdnoticias.com\/index.php\/wp-json\/wp\/v2\/categories?post=3267"},{"taxonomy":"post_tag","embeddable":true,"href":"https:\/\/cdnoticias.com\/index.php\/wp-json\/wp\/v2\/tags?post=3267"}],"curies":[{"name":"wp","href":"https:\/\/api.w.org\/{rel}","templated":true}]}}