{"id":32644,"date":"2021-09-12T15:09:18","date_gmt":"2021-09-12T18:09:18","guid":{"rendered":"http:\/\/www.centraldenoticias.com.ar\/?p=32644"},"modified":"2021-09-12T15:09:18","modified_gmt":"2021-09-12T18:09:18","slug":"belen-vergel-tenemos-que-trabajar-en-un-sentido-de-unidad","status":"publish","type":"post","link":"https:\/\/cdnoticias.com\/index.php\/2021\/09\/12\/belen-vergel-tenemos-que-trabajar-en-un-sentido-de-unidad\/","title":{"rendered":"Bel\u00e9n Vergel: \u201cTenemos que trabajar en un sentido de unidad\u201d"},"content":{"rendered":"<p>La primera precandidata por Dar el Paso recorri\u00f3 establecimientos locales para ver el avance de los comicios. \u201cMucha gente est\u00e1 participando\u201d, celebr\u00f3.<!--more--><\/p>\n<hr \/>\n<p><strong>\u201cUn d\u00eda realmente festivo\u201d<\/strong>. De esa manera Bel\u00e9n Vergel, primera precandidata a concejal por Dar el Paso, dialog\u00f3 con Central de Noticias a metros de la Escuela 32, donde se acerc\u00f3 a ver el avance de los comicios. <strong>\u201cMucha gente est\u00e1 participando\u201d.<\/strong><\/p>\n<p>&nbsp;<\/p>\n<p>La lista que encabeza protagoniza en nuestra ciudad la \u00fanica interna local de las PASO, por lo que las expectativas en torno al resultado son muchas y desde diversos sectores. En el transcurso de la jornada quien tambi\u00e9n se proclam\u00f3 al respecto fue el Intendente <a href=\"https:\/\/cdnoticias.com\/index.php\/2021\/09\/12\/ezequiel-galli-estamos-viendo-mucha-participacion\/\" target=\"_blank\" rel=\"noopener\">Ezequiel Galli, quien revel\u00f3 un di\u00e1logo entre Juntos y el radicalismo para dar una imagen de unidad tras los comicios<\/a>. Al respecto Vergel expres\u00f3 que <strong>\u201ctenemos que trabajar en un sentido de unidad, la gente tiene demasiados problemas para que nosotros estemos mostrando nuestras miserias humanas, asi que tenemos que tener un di\u00e1logo muy adulto y maduro y sentarnos a conversar y proyectar hacia adelante\u201d.<\/strong><\/p>\n<p>&nbsp;<\/p>\n<p><img data-recalc-dims=\"1\" loading=\"lazy\" decoding=\"async\" class=\"alignnone size-full wp-image-32646\" src=\"https:\/\/i0.wp.com\/cdnoticias.com\/wp-content\/uploads\/2021\/09\/vergel1.jpg?resize=800%2C445&#038;ssl=1\" alt=\"\" width=\"800\" height=\"445\" srcset=\"https:\/\/i0.wp.com\/cdnoticias.com\/wp-content\/uploads\/2021\/09\/vergel1.jpg?w=800&amp;ssl=1 800w, https:\/\/i0.wp.com\/cdnoticias.com\/wp-content\/uploads\/2021\/09\/vergel1.jpg?resize=300%2C167&amp;ssl=1 300w, https:\/\/i0.wp.com\/cdnoticias.com\/wp-content\/uploads\/2021\/09\/vergel1.jpg?resize=768%2C427&amp;ssl=1 768w\" sizes=\"auto, (max-width: 800px) 100vw, 800px\" \/><\/p>\n<p>&nbsp;<\/p>\n<p>Sobre el transcurso de los comicios relativiz\u00f3 las demoras del inicio en algunos establecimientos. \u201cLo que pasa siempre\u201d, se\u00f1al\u00f3 y explico que \u201chay presidentes que son nuevos y quiz\u00e1s no tienen la rapidez para armar los cuartos oscuros, pero todo se solucion\u00f3 r\u00e1pido\u201d. <strong>\u201cEst\u00e1n poniendo todos mucha voluntad\u201d<\/strong>, complet\u00f3.<\/p>\n<p>&nbsp;<\/p>\n<p>No obstante ello, pidi\u00f3 a la comunidad \u201cque tengan calma\u201d debido a las filas que se han generado en torno a cada uno de los establecimientos. <strong>\u201cLo m\u00e1s importante de la jornada de hoy creo que es la participaci\u00f3n y que tenemos la posibilidad de elegir\u201d<\/strong>, finaliz\u00f3.<\/p>\n","protected":false},"excerpt":{"rendered":"<p>La primera precandidata por Dar el Paso recorri\u00f3 establecimientos locales para ver el avance de los comicios. \u201cMucha gente est\u00e1<\/p>\n","protected":false},"author":3,"featured_media":32670,"comment_status":"closed","ping_status":"closed","sticky":false,"template":"","format":"standard","meta":{"_jetpack_memberships_contains_paid_content":false,"footnotes":""},"categories":[1],"tags":[],"class_list":["post-32644","post","type-post","status-publish","format-standard","has-post-thumbnail","hentry","category-portada"],"jetpack_featured_media_url":"https:\/\/i0.wp.com\/cdnoticias.com\/wp-content\/uploads\/2021\/09\/BelenVergelPASO.jpeg?fit=1200%2C852&ssl=1","jetpack_sharing_enabled":true,"_links":{"self":[{"href":"https:\/\/cdnoticias.com\/index.php\/wp-json\/wp\/v2\/posts\/32644","targetHints":{"allow":["GET"]}}],"collection":[{"href":"https:\/\/cdnoticias.com\/index.php\/wp-json\/wp\/v2\/posts"}],"about":[{"href":"https:\/\/cdnoticias.com\/index.php\/wp-json\/wp\/v2\/types\/post"}],"author":[{"embeddable":true,"href":"https:\/\/cdnoticias.com\/index.php\/wp-json\/wp\/v2\/users\/3"}],"replies":[{"embeddable":true,"href":"https:\/\/cdnoticias.com\/index.php\/wp-json\/wp\/v2\/comments?post=32644"}],"version-history":[{"count":0,"href":"https:\/\/cdnoticias.com\/index.php\/wp-json\/wp\/v2\/posts\/32644\/revisions"}],"wp:featuredmedia":[{"embeddable":true,"href":"https:\/\/cdnoticias.com\/index.php\/wp-json\/wp\/v2\/media\/32670"}],"wp:attachment":[{"href":"https:\/\/cdnoticias.com\/index.php\/wp-json\/wp\/v2\/media?parent=32644"}],"wp:term":[{"taxonomy":"category","embeddable":true,"href":"https:\/\/cdnoticias.com\/index.php\/wp-json\/wp\/v2\/categories?post=32644"},{"taxonomy":"post_tag","embeddable":true,"href":"https:\/\/cdnoticias.com\/index.php\/wp-json\/wp\/v2\/tags?post=32644"}],"curies":[{"name":"wp","href":"https:\/\/api.w.org\/{rel}","templated":true}]}}