{"id":3259,"date":"2020-10-06T08:15:20","date_gmt":"2020-10-06T11:15:20","guid":{"rendered":"http:\/\/www.centraldenoticias.com.ar\/?p=3259"},"modified":"2020-10-06T08:15:20","modified_gmt":"2020-10-06T11:15:20","slug":"raul-lallera-q-e-p-d","status":"publish","type":"post","link":"https:\/\/cdnoticias.com\/index.php\/2020\/10\/06\/raul-lallera-q-e-p-d\/","title":{"rendered":"Ra\u00fal Lallera (Q.E.P.D.)"},"content":{"rendered":"<p>Falleci\u00f3 en Olavarr\u00eda a los 77 a\u00f1os de edad. Sus hijos Fabi\u00e1n Alejandro Lallera, Ra\u00fal Alberto Lallera, Daniela Lallera y Claudia Pioli; sus sobrinos Evelin Lallera, Kiara Rodr\u00edguez, Isis Rodr\u00edguez y Eduardo Rodr\u00edguez; sus nueras Mariana Martin y Mar\u00eda Villamayor; su yerno Walter Gonz\u00e1lez y dem\u00e1s deudos participan su fallecimiento.<\/p>\n<p>&nbsp;<\/p>\n<p>Sus restos ser\u00e1n inhumados en el Cementerio Loma de Paz este martes a las 9.30 horas. Nacido en Tapalqu\u00e9, vecino del barrio Carlos Pellegrini, jubilado.<\/p>\n","protected":false},"excerpt":{"rendered":"<p>Falleci\u00f3 en Olavarr\u00eda a los 77 a\u00f1os de edad. Sus hijos Fabi\u00e1n Alejandro Lallera, Ra\u00fal Alberto Lallera, Daniela Lallera y<\/p>\n","protected":false},"author":2,"featured_media":0,"comment_status":"closed","ping_status":"closed","sticky":false,"template":"","format":"standard","meta":{"_jetpack_memberships_contains_paid_content":false,"footnotes":""},"categories":[10],"tags":[],"class_list":["post-3259","post","type-post","status-publish","format-standard","hentry","category-necrologicas"],"jetpack_featured_media_url":"","jetpack_sharing_enabled":true,"_links":{"self":[{"href":"https:\/\/cdnoticias.com\/index.php\/wp-json\/wp\/v2\/posts\/3259","targetHints":{"allow":["GET"]}}],"collection":[{"href":"https:\/\/cdnoticias.com\/index.php\/wp-json\/wp\/v2\/posts"}],"about":[{"href":"https:\/\/cdnoticias.com\/index.php\/wp-json\/wp\/v2\/types\/post"}],"author":[{"embeddable":true,"href":"https:\/\/cdnoticias.com\/index.php\/wp-json\/wp\/v2\/users\/2"}],"replies":[{"embeddable":true,"href":"https:\/\/cdnoticias.com\/index.php\/wp-json\/wp\/v2\/comments?post=3259"}],"version-history":[{"count":0,"href":"https:\/\/cdnoticias.com\/index.php\/wp-json\/wp\/v2\/posts\/3259\/revisions"}],"wp:attachment":[{"href":"https:\/\/cdnoticias.com\/index.php\/wp-json\/wp\/v2\/media?parent=3259"}],"wp:term":[{"taxonomy":"category","embeddable":true,"href":"https:\/\/cdnoticias.com\/index.php\/wp-json\/wp\/v2\/categories?post=3259"},{"taxonomy":"post_tag","embeddable":true,"href":"https:\/\/cdnoticias.com\/index.php\/wp-json\/wp\/v2\/tags?post=3259"}],"curies":[{"name":"wp","href":"https:\/\/api.w.org\/{rel}","templated":true}]}}