{"id":32545,"date":"2021-09-12T08:45:52","date_gmt":"2021-09-12T11:45:52","guid":{"rendered":"http:\/\/www.centraldenoticias.com.ar\/?p=32545"},"modified":"2021-09-12T08:45:52","modified_gmt":"2021-09-12T11:45:52","slug":"mariano-nicolas-medina-perez-negro-q-e-p-d","status":"publish","type":"post","link":"https:\/\/cdnoticias.com\/index.php\/2021\/09\/12\/mariano-nicolas-medina-perez-negro-q-e-p-d\/","title":{"rendered":"Mariano Nicol\u00e1s Medina P\u00e9rez \u201cNegro\u201d (Q.E.P.D.)"},"content":{"rendered":"<p>Falleci\u00f3 en 9 de Julio el d\u00eda 10 de septiembre a los 38 a\u00f1os de edad. Sus padres Mario Alberto y Gladys P\u00e9rez; sus hermanos Diego, Dar\u00edo, Marcos, Natalia, Bel\u00e9n y Sof\u00eda; sus hijas Nicol, Victoria y Lulu; sus sobrinos; sus cu\u00f1ados, familiares y dem\u00e1s deudos participan de su fallecimiento.<\/p>\n<p>&nbsp;<\/p>\n<p>Sus restos son velados en sala de Espa\u00f1a 2942, Departamento &#8220;D&#8221; (comienza 08:30) y ser\u00e1n inhumados en el cementerio Loma de Paz este domingo a las 10.30. Nacido en Olavarr\u00eda. Chofer de camiones.<\/p>\n","protected":false},"excerpt":{"rendered":"<p>Falleci\u00f3 en 9 de Julio el d\u00eda 10 de septiembre a los 38 a\u00f1os de edad. Sus padres Mario Alberto<\/p>\n","protected":false},"author":5,"featured_media":0,"comment_status":"closed","ping_status":"closed","sticky":false,"template":"","format":"standard","meta":{"_jetpack_memberships_contains_paid_content":false,"footnotes":""},"categories":[10],"tags":[],"class_list":["post-32545","post","type-post","status-publish","format-standard","hentry","category-necrologicas"],"jetpack_featured_media_url":"","jetpack_sharing_enabled":true,"_links":{"self":[{"href":"https:\/\/cdnoticias.com\/index.php\/wp-json\/wp\/v2\/posts\/32545","targetHints":{"allow":["GET"]}}],"collection":[{"href":"https:\/\/cdnoticias.com\/index.php\/wp-json\/wp\/v2\/posts"}],"about":[{"href":"https:\/\/cdnoticias.com\/index.php\/wp-json\/wp\/v2\/types\/post"}],"author":[{"embeddable":true,"href":"https:\/\/cdnoticias.com\/index.php\/wp-json\/wp\/v2\/users\/5"}],"replies":[{"embeddable":true,"href":"https:\/\/cdnoticias.com\/index.php\/wp-json\/wp\/v2\/comments?post=32545"}],"version-history":[{"count":0,"href":"https:\/\/cdnoticias.com\/index.php\/wp-json\/wp\/v2\/posts\/32545\/revisions"}],"wp:attachment":[{"href":"https:\/\/cdnoticias.com\/index.php\/wp-json\/wp\/v2\/media?parent=32545"}],"wp:term":[{"taxonomy":"category","embeddable":true,"href":"https:\/\/cdnoticias.com\/index.php\/wp-json\/wp\/v2\/categories?post=32545"},{"taxonomy":"post_tag","embeddable":true,"href":"https:\/\/cdnoticias.com\/index.php\/wp-json\/wp\/v2\/tags?post=32545"}],"curies":[{"name":"wp","href":"https:\/\/api.w.org\/{rel}","templated":true}]}}