{"id":32541,"date":"2021-09-12T06:53:32","date_gmt":"2021-09-12T09:53:32","guid":{"rendered":"http:\/\/www.centraldenoticias.com.ar\/?p=32541"},"modified":"2021-09-12T06:53:32","modified_gmt":"2021-09-12T09:53:32","slug":"mas-de-34-millones-de-argentinos-y-argentinas-van-a-las-urnas-para-elegir-candidatos","status":"publish","type":"post","link":"https:\/\/cdnoticias.com\/index.php\/2021\/09\/12\/mas-de-34-millones-de-argentinos-y-argentinas-van-a-las-urnas-para-elegir-candidatos\/","title":{"rendered":"M\u00e1s de 34 millones de argentinos y argentinas van a las urnas para elegir candidatos"},"content":{"rendered":"<p>Los elegidos ser\u00e1n de la partida en las elecciones de noviembre. Qu\u00e9 arriesgan las principales fuerzas en el Congreso.<!--more--><\/p>\n<hr \/>\n<p>Algo m\u00e1s de 34 millones de argentinos y argentinas ir\u00e1n este domingo a las urnas para<strong> elegir a los candidatos a diputados y senadores que competir\u00e1n en noviembre<\/strong>, en unas in\u00e9ditas primarias abiertas, simult\u00e1neas y obligatorias (PASO) que se realizar\u00e1n bajo protocolo sanitario por la pandemia de coronavirus y que constituir\u00e1n una primera prueba electoral para las fuerzas pol\u00edticas y sus estrategias de campa\u00f1a.<\/p>\n<p>&nbsp;<\/p>\n<p><strong>Todas las provincias eligen los candidatos a diputados nacionales que participar\u00e1n en noviembre, y se necesita el 1,5% de los votos v\u00e1lidos emitidos como m\u00ednimo en cada categor\u00eda y distrito<\/strong>, con una lista o la sumatoria de ellas, para participar en las generales.<\/p>\n<p>&nbsp;<\/p>\n<blockquote><p>Se renueva la mitad de las bancas de Diputados, esto es 127. Tambi\u00e9n ocho provincias eligen a los candidatos a senadores nacionales: se renueva un tercio, es decir 24 puestos.<\/p><\/blockquote>\n<p>&nbsp;<\/p>\n<p><strong>Los resultados de la votaci\u00f3n ser\u00e1n entonces el filtro ordenador de la disputa electoral de noviembre<\/strong>, cuando quedar\u00e1 definida la correlaci\u00f3n de fuerzas en el Parlamento nacional para el segundo tramo de la gesti\u00f3n del presidente Alberto Fern\u00e1ndez. Ser\u00e1 la sexta vez que la ciudadan\u00eda organice el diagrama electoral en unas PASO y la tercera para candidaturas parlamentarias.<\/p>\n<p>&nbsp;<\/p>\n<p>El desaf\u00edo del Frente de Todos (FdT) pasa por encaminarse a engrosar su bloque en la C\u00e1mara de Diputados (pone en juego 52 del total de 120) para <strong>tener qu\u00f3rum propio<\/strong> y, as\u00ed, la potestad de habilitar los debates de temas estrat\u00e9gicos para el Gobierno en el recinto, sin depender del apoyo de bancadas provinciales aliadas.<\/p>\n<p>&nbsp;<\/p>\n<p>Diputados renovar\u00e1 en diciembre 127 bancas (de las 257 totales), de las cuales el 48% pertenece a JxC, (arriesga 60 esca\u00f1os); el 41% al FdT y los bloques intermedios arriesgan 15 lugares.<\/p>\n<p>&nbsp;<\/p>\n<p>La competencia por las plazas del Senado, en tanto, estar\u00e1 marcada por la aspiraci\u00f3n del oficialismo a retener el qu\u00f3rum propio en el recambio de las plazas que se juegan este a\u00f1o, las de Corrientes, Santa Fe, C\u00f3rdoba, Chubut, Mendoza, La Pampa, Catamarca y Tucum\u00e1n.<\/p>\n<p>&nbsp;<\/p>\n<p>En cambio, para mantener su actual presencia parlamentaria,<strong> JxC debe repetir en noviembre los n\u00fameros de la elecci\u00f3n de 2017<\/strong>, favorables para el entonces macrismo y motorizados por triunfos en CABA y en las provincias de Buenos Aires, Santa Fe, Mendoza y C\u00f3rdoba, con peso electoral gravitante.<\/p>\n<p>&nbsp;<\/p>\n<p>La coalici\u00f3n de PRO, UCR, Coalici\u00f3n C\u00edvica y Frente C\u00edvico y Social catamarque\u00f1o, que en la C\u00e1mara baja encabeza el radical Mario Negri, pone en juego en estas elecciones legislativas 60 de sus 115 bancas.<\/p>\n<p>&nbsp;<\/p>\n<p>En el Senado, en tanto, JxC procurar\u00e1 ganar terreno en una C\u00e1mara hasta ahora dominada por el oficialismo y el interbloque dirigido por Luis Naidenoff apostar\u00e1 a renovar nueve bancas, incluida la del fallecido aliado Carlos Reutemann.<\/p>\n<p>&nbsp;<\/p>\n<p>Fuente: DIB<\/p>\n","protected":false},"excerpt":{"rendered":"<p>Los elegidos ser\u00e1n de la partida en las elecciones de noviembre. Qu\u00e9 arriesgan las principales fuerzas en el Congreso.<\/p>\n","protected":false},"author":5,"featured_media":32542,"comment_status":"closed","ping_status":"closed","sticky":false,"template":"","format":"standard","meta":{"_jetpack_memberships_contains_paid_content":false,"footnotes":""},"categories":[17,1],"tags":[],"class_list":["post-32541","post","type-post","status-publish","format-standard","has-post-thumbnail","hentry","category-elecciones-2021","category-portada"],"jetpack_featured_media_url":"https:\/\/i0.wp.com\/cdnoticias.com\/wp-content\/uploads\/2021\/09\/congreso-1068x583.jpg?fit=1068%2C583&ssl=1","jetpack_sharing_enabled":true,"_links":{"self":[{"href":"https:\/\/cdnoticias.com\/index.php\/wp-json\/wp\/v2\/posts\/32541","targetHints":{"allow":["GET"]}}],"collection":[{"href":"https:\/\/cdnoticias.com\/index.php\/wp-json\/wp\/v2\/posts"}],"about":[{"href":"https:\/\/cdnoticias.com\/index.php\/wp-json\/wp\/v2\/types\/post"}],"author":[{"embeddable":true,"href":"https:\/\/cdnoticias.com\/index.php\/wp-json\/wp\/v2\/users\/5"}],"replies":[{"embeddable":true,"href":"https:\/\/cdnoticias.com\/index.php\/wp-json\/wp\/v2\/comments?post=32541"}],"version-history":[{"count":0,"href":"https:\/\/cdnoticias.com\/index.php\/wp-json\/wp\/v2\/posts\/32541\/revisions"}],"wp:featuredmedia":[{"embeddable":true,"href":"https:\/\/cdnoticias.com\/index.php\/wp-json\/wp\/v2\/media\/32542"}],"wp:attachment":[{"href":"https:\/\/cdnoticias.com\/index.php\/wp-json\/wp\/v2\/media?parent=32541"}],"wp:term":[{"taxonomy":"category","embeddable":true,"href":"https:\/\/cdnoticias.com\/index.php\/wp-json\/wp\/v2\/categories?post=32541"},{"taxonomy":"post_tag","embeddable":true,"href":"https:\/\/cdnoticias.com\/index.php\/wp-json\/wp\/v2\/tags?post=32541"}],"curies":[{"name":"wp","href":"https:\/\/api.w.org\/{rel}","templated":true}]}}