{"id":32518,"date":"2021-09-11T20:29:36","date_gmt":"2021-09-11T23:29:36","guid":{"rendered":"http:\/\/www.centraldenoticias.com.ar\/?p=32518"},"modified":"2021-09-11T20:29:36","modified_gmt":"2021-09-11T23:29:36","slug":"este-sabado-se-aplicaron-mas-de-1000-dosis-contra-el-coronavirus","status":"publish","type":"post","link":"https:\/\/cdnoticias.com\/index.php\/2021\/09\/11\/este-sabado-se-aplicaron-mas-de-1000-dosis-contra-el-coronavirus\/","title":{"rendered":"Este s\u00e1bado se aplicaron m\u00e1s de 1000 dosis contra el Coronavirus"},"content":{"rendered":"<p>Sigue la vacunaci\u00f3n libre para mayores de 18 a\u00f1os y la inscripci\u00f3n para adolescentes de 12 a 17 a\u00f1os.<!--more--><\/p>\n<hr \/>\n<p><strong>Desde Regi\u00f3n Sanitaria IX se precis\u00f3 que en la jornada de este s\u00e1bado se aplicaron 1099 vacunas contra el Covid-19<\/strong>, distribuidas de la siguiente manera: en el Centro Cultural Universitario se vacunaron 716 personas con segundas dosis, en el Servicio Territorial N\u00b02 se aplicaron 98 vacunas, de las cuales 57 corresponden a primeras dosis y 41 segundos componentes, y en Facultad de Ciencias de la Salud se vacunaron 285 personas completando esquemas con segundo componente. Ma\u00f1ana domingo no se aplicar\u00e1n dosis en ninguna de las postas sanitarias debido a la jornada electoral.<\/p>\n<p>&nbsp;<\/p>\n<p>En cuanto a <strong>segundas dosis, se recuerda que para recibir la aplicaci\u00f3n es \u00fanicamente por turnos<\/strong>, por lo que se le pide a los vecinos y vecinas que est\u00e9n atentos a las notificaciones que se env\u00edan desde el Ministerio de Salud provincial.<\/p>\n<p>&nbsp;<\/p>\n<blockquote><p>Cualquier duda o consulta, podr\u00e1n acercarse a cualquiera de las cuatro postas ubicadas en: Servicio Territorial N\u00b02, Av. Alberdi 2543, de 8 a 18 hs; Facultad de Ciencias de la Salud, Merlo entre Av. Pringles y 9 de julio, de 8 a 18 hs; Centro Cultural Universitario, San Martin 1955, de 8 a 18 hs; y Mutual Carlos Alberto Moreno de Suteba, Collinet 4544, de 8 a 16 hs.<\/p><\/blockquote>\n<p>&nbsp;<\/p>\n<p>A la par, <strong>sigue desarroll\u00e1ndose la vacunaci\u00f3n libre para mayores de 18 a\u00f1os<\/strong> que acrediten domicilio en la localidad present\u00e1ndose con su DNI en cualquiera de las postas de vacunaci\u00f3n.<\/p>\n<p>&nbsp;<\/p>\n<p>Adem\u00e1s, contin\u00faa la <strong>inscripci\u00f3n a menores de 12 a 17 a\u00f1os<\/strong> a trav\u00e9s del sitio web\u00a0<a href=\"http:\/\/www.vacunatepba.gba.gob.ar\" target=\"_blank\" rel=\"noopener\">www.vacunatepba.gba.gob.ar<\/a> para obtener el turno correspondiente y recibir la primera dosis, priorizando a quienes pertenecen a grupos de riesgo.<\/p>\n","protected":false},"excerpt":{"rendered":"<p>Sigue la vacunaci\u00f3n libre para mayores de 18 a\u00f1os y la inscripci\u00f3n para adolescentes de 12 a 17 a\u00f1os.<\/p>\n","protected":false},"author":3,"featured_media":25491,"comment_status":"closed","ping_status":"closed","sticky":false,"template":"","format":"standard","meta":{"_jetpack_memberships_contains_paid_content":false,"footnotes":""},"categories":[16,1],"tags":[],"class_list":["post-32518","post","type-post","status-publish","format-standard","has-post-thumbnail","hentry","category-covid-19","category-portada"],"jetpack_featured_media_url":"https:\/\/i0.wp.com\/cdnoticias.com\/wp-content\/uploads\/2021\/07\/WhatsApp-Image-2021-07-01-at-20.05.46.jpeg?fit=1280%2C786&ssl=1","jetpack_sharing_enabled":true,"_links":{"self":[{"href":"https:\/\/cdnoticias.com\/index.php\/wp-json\/wp\/v2\/posts\/32518","targetHints":{"allow":["GET"]}}],"collection":[{"href":"https:\/\/cdnoticias.com\/index.php\/wp-json\/wp\/v2\/posts"}],"about":[{"href":"https:\/\/cdnoticias.com\/index.php\/wp-json\/wp\/v2\/types\/post"}],"author":[{"embeddable":true,"href":"https:\/\/cdnoticias.com\/index.php\/wp-json\/wp\/v2\/users\/3"}],"replies":[{"embeddable":true,"href":"https:\/\/cdnoticias.com\/index.php\/wp-json\/wp\/v2\/comments?post=32518"}],"version-history":[{"count":0,"href":"https:\/\/cdnoticias.com\/index.php\/wp-json\/wp\/v2\/posts\/32518\/revisions"}],"wp:featuredmedia":[{"embeddable":true,"href":"https:\/\/cdnoticias.com\/index.php\/wp-json\/wp\/v2\/media\/25491"}],"wp:attachment":[{"href":"https:\/\/cdnoticias.com\/index.php\/wp-json\/wp\/v2\/media?parent=32518"}],"wp:term":[{"taxonomy":"category","embeddable":true,"href":"https:\/\/cdnoticias.com\/index.php\/wp-json\/wp\/v2\/categories?post=32518"},{"taxonomy":"post_tag","embeddable":true,"href":"https:\/\/cdnoticias.com\/index.php\/wp-json\/wp\/v2\/tags?post=32518"}],"curies":[{"name":"wp","href":"https:\/\/api.w.org\/{rel}","templated":true}]}}