{"id":32511,"date":"2023-03-23T19:41:26","date_gmt":"2023-03-23T22:41:26","guid":{"rendered":"http:\/\/centraldeportes.com.ar\/?p=32511"},"modified":"2025-02-11T13:35:44","modified_gmt":"2025-02-11T16:35:44","slug":"olavarrienses-en-afa-accion-para-dos-en-reserva-y-varios-juveniles-en-el-inicio-de-la-temporada","status":"publish","type":"post","link":"https:\/\/cdnoticias.com\/index.php\/2023\/03\/23\/olavarrienses-en-afa-accion-para-dos-en-reserva-y-varios-juveniles-en-el-inicio-de-la-temporada\/","title":{"rendered":"Olavarrienses en AFA: acci\u00f3n para dos en Reserva y varios juveniles en el inicio de la temporada"},"content":{"rendered":"<p>Con la presencia de futbolistas locales, el pasado fin de semana se celebr\u00f3 la 8\u00b0 fecha del Torneo Proyecci\u00f3n en la categor\u00eda preliminar. Adem\u00e1s, en el arranque de Inferiores, tuvieron minutos varios juveniles olavarrienses.<!--more--><\/p>\n<hr \/>\n<p>La representaci\u00f3n local estuvo m\u00e1s que presente que nunca el pasado fin de semana, con el desarrollo de la actividad para <strong>varias divisionales del f\u00fatbol de AFA<\/strong>.<strong> En Reserva<\/strong>, <strong>fueron citados Lautaro Diuono, Santiago Salle y Mateo Mend\u00eda<\/strong> en los respectivos compromisos de sus equipos por la 8\u00b0 fecha del Torneo Proyecci\u00f3n.<\/p>\n<p>&nbsp;<\/p>\n<p>En primer turno,<strong> Sarmiento, que no puede levantar cabeza<\/strong>, cay\u00f3 por la m\u00ednima diferencia ante el puntero del campeonato. <strong>Fue 1 a 0 la victoria de River sobre el \u201cVerde\u201d de Jun\u00edn<\/strong> en el River Camp. <strong>El defensor ex Loma Negra, Lautaro Diuono, comenz\u00f3 desde el arranque en el once inicial y jug\u00f3 los 90 minutos<\/strong>.<\/p>\n<p>&nbsp;<\/p>\n<p>Por su parte, el pasado s\u00e1bado,<strong> Independiente se flore\u00f3 en Santa Fe, gole\u00f3 a Col\u00f3n por 5 a 1<\/strong> y lleg\u00f3 a su s\u00e9ptimo partido sin ca\u00eddas. All\u00ed,<strong> Santiago Salle volvi\u00f3 a ser titular y sali\u00f3 a los 20\u2019 del segundo tiempo<\/strong> reemplazado por Juan Cruz Martins.<\/p>\n<p>&nbsp;<\/p>\n<p>Adem\u00e1s, en C\u00f3rdoba, <strong>Boca fue visitante contra Instituto y se qued\u00f3 con el duelo 2 a 0 a favor<\/strong>. En el banco \u201cXeneize\u201d estuvo <strong>Mateo Mend\u00eda<\/strong>, pero el defensor <strong>no disput\u00f3 minutos<\/strong>.<\/p>\n<p>&nbsp;<\/p>\n<h6><strong>Juveniles AFA<\/strong><\/h6>\n<p>&nbsp;<\/p>\n<p>Varios j\u00f3venes futbolistas de la ciudad palpitaron el inicio oficial de la temporada, que tuvo tambi\u00e9n el desarrollo de la 1\u00b0 fecha el pasado fin de semana. Por el lado de Sarmiento, hubo triple convocatoria local para el duelo frente a Godoy Cruz en tres categor\u00edas distintas. En cuarta, el \u201cVerde\u201d perdi\u00f3 2 a 0 con la presencia de<strong> Francisco Carneri<\/strong>, fue triunfo 4 a 2 en Quinta con la inclusi\u00f3n de <strong>Tom\u00e1s L\u00f3pez y Valent\u00edn Manolio<\/strong>, mientras que en Sexta el elenco juninense cedi\u00f3 2 a 0 y estuvo <strong>Uriel Ruiz<\/strong>.<\/p>\n<p>&nbsp;<\/p>\n<p>Asimismo, en Cuarta, el Racing de <strong>Mateo G\u00f3mez Navarro<\/strong> derrot\u00f3 3 a 1 a Platense y Boca, con <strong>Mateo Mend\u00eda<\/strong> titular, venci\u00f3 1 a 0 a Banfield y sum\u00f3 sus primeros tres puntos en la temporada.<\/p>\n<p>&nbsp;<\/p>\n<p>El estreno de gol olavarriense estuvo en Mar del Plata, con el cruce entre Aldosivi y Deportivo Mor\u00f3n. <strong>Fue en Quinta y por medio de Mart\u00edn Ferreyra, quien anot\u00f3 un doblete en la goleada del \u201cTibur\u00f3n\u201d 4 a 0 sobre el \u201cGallo\u201d y luego sali\u00f3 reemplazado a los 28\u2019 del complemento<\/strong>. Adem\u00e1s, <strong>en Cuarta jug\u00f3 Lucio Falasco y fue testigo del triunfo 3 a 2 a favor del conjunto marplatense<\/strong>. El surgido en Embajadores disput\u00f3 81minutos y m\u00e1s tarde fue sustituido.<\/p>\n","protected":false},"excerpt":{"rendered":"<p>Con la presencia de futbolistas locales, el pasado fin de semana se celebr\u00f3 la 8\u00b0 fecha del Torneo Proyecci\u00f3n en<\/p>\n","protected":false},"author":96739694,"featured_media":154170,"comment_status":"closed","ping_status":"closed","sticky":false,"template":"","format":"standard","meta":{"_jetpack_memberships_contains_paid_content":false,"footnotes":""},"categories":[35,37,40,1],"tags":[],"class_list":["post-32511","post","type-post","status-publish","format-standard","has-post-thumbnail","hentry","category-futbol","category-futbol-profesional","category-inferiores","category-portada"],"jetpack_featured_media_url":"https:\/\/i0.wp.com\/cdnoticias.com\/wp-content\/uploads\/2023\/03\/Mart%C3%ADn-Ferreyra-Aldosivi-de-Mar-del-Plata-e1679611256823.jpg?fit=1436%2C899&ssl=1","jetpack_sharing_enabled":true,"_links":{"self":[{"href":"https:\/\/cdnoticias.com\/index.php\/wp-json\/wp\/v2\/posts\/32511","targetHints":{"allow":["GET"]}}],"collection":[{"href":"https:\/\/cdnoticias.com\/index.php\/wp-json\/wp\/v2\/posts"}],"about":[{"href":"https:\/\/cdnoticias.com\/index.php\/wp-json\/wp\/v2\/types\/post"}],"author":[{"embeddable":true,"href":"https:\/\/cdnoticias.com\/index.php\/wp-json\/wp\/v2\/users\/96739694"}],"replies":[{"embeddable":true,"href":"https:\/\/cdnoticias.com\/index.php\/wp-json\/wp\/v2\/comments?post=32511"}],"version-history":[{"count":0,"href":"https:\/\/cdnoticias.com\/index.php\/wp-json\/wp\/v2\/posts\/32511\/revisions"}],"wp:featuredmedia":[{"embeddable":true,"href":"https:\/\/cdnoticias.com\/index.php\/wp-json\/wp\/v2\/media\/154170"}],"wp:attachment":[{"href":"https:\/\/cdnoticias.com\/index.php\/wp-json\/wp\/v2\/media?parent=32511"}],"wp:term":[{"taxonomy":"category","embeddable":true,"href":"https:\/\/cdnoticias.com\/index.php\/wp-json\/wp\/v2\/categories?post=32511"},{"taxonomy":"post_tag","embeddable":true,"href":"https:\/\/cdnoticias.com\/index.php\/wp-json\/wp\/v2\/tags?post=32511"}],"curies":[{"name":"wp","href":"https:\/\/api.w.org\/{rel}","templated":true}]}}