{"id":32499,"date":"2021-09-11T18:18:26","date_gmt":"2021-09-11T21:18:26","guid":{"rendered":"http:\/\/www.centraldenoticias.com.ar\/?p=32499"},"modified":"2021-09-11T18:27:01","modified_gmt":"2021-09-11T21:27:01","slug":"otra-vez-viento-rige-un-alerta-amarillo-para-olavarria-y-la-zona","status":"publish","type":"post","link":"https:\/\/cdnoticias.com\/index.php\/2021\/09\/11\/otra-vez-viento-rige-un-alerta-amarillo-para-olavarria-y-la-zona\/","title":{"rendered":"Otra vez viento: Rige un \u201calerta amarillo\u201d para Olavarr\u00eda y la zona"},"content":{"rendered":"<p>La advertencia se prolonga hasta la madrugada de este domingo inclusive.<strong> Las r\u00e1fagas podr\u00edan alcanzar los 70 km\/h.<\/strong><!--more--><\/p>\n<hr \/>\n<p>Desde hace ya algunos d\u00edas el viento los fen\u00f3menos meteorol\u00f3gicos se han vuelto un verdadero dolor de cabeza para Olavarr\u00eda y la regi\u00f3n, con especial \u00e9nfasis con lo sucedido d\u00edas atr\u00e1s, cuando <a href=\"https:\/\/cdnoticias.com\/index.php\/2021\/09\/09\/datos-e-imagenes-que-dejo-el-temporal-de-viento-y-lluvias-en-olavarria\/\" target=\"_blank\" rel=\"noopener\">un temporal de lluvia y viento gener\u00f3 todo tipo de complicaciones.<\/a><\/p>\n<p>&nbsp;<\/p>\n<p>Este s\u00e1bado no es la novedad, ya que desde el Servicio Meteorol\u00f3gico Nacional se emiti\u00f3 <strong>un \u201calerta amarillo\u201d por viento que incluye a Olavarr\u00eda y parte del sur y oeste bonaerense, adem\u00e1s de provincias vecinas.<\/strong><\/p>\n<p>&nbsp;<\/p>\n<p>\u201cEl \u00e1rea ser\u00e1 afectada por vientos del sector norte con <strong>velocidades entre los 40 y 60 km\/h, mientras que las r\u00e1fagas pueden superar los 70 km\/h\u201d<\/strong>, fue lo que se advirti\u00f3, a medida que se daba cuenta que la advertencia tendr\u00e1 vigencia, al menos, hasta la ma\u00f1ana de este domingo.<\/p>\n<p>&nbsp;<\/p>\n<p>En lo que al domingo refiere, y m\u00e1s a\u00fan con la realizaci\u00f3n de las PASO, vale dar cuenta que, claro est\u00e1,\u00a0<strong>se espera una jornada sumamente ventosa principalmente durante la madrugada y ma\u00f1ana<\/strong>. Afortunadamente con el arribo de la tarde la condiciones mejorar\u00edan, haciendo que la temperatura se eleve hasta los 18 grados. <strong>Es pr\u00e1cticamente nula la probabilidad de precipitaciones.<\/strong><\/p>\n","protected":false},"excerpt":{"rendered":"<p>La advertencia se prolonga hasta la madrugada de este domingo inclusive. Las r\u00e1fagas podr\u00edan alcanzar los 70 km\/h.<\/p>\n","protected":false},"author":3,"featured_media":32500,"comment_status":"closed","ping_status":"closed","sticky":false,"template":"","format":"standard","meta":{"_jetpack_memberships_contains_paid_content":false,"footnotes":""},"categories":[5,1],"tags":[],"class_list":["post-32499","post","type-post","status-publish","format-standard","has-post-thumbnail","hentry","category-informacion-general","category-portada"],"jetpack_featured_media_url":"https:\/\/i0.wp.com\/cdnoticias.com\/wp-content\/uploads\/2021\/09\/alerta.jpg?fit=800%2C445&ssl=1","jetpack_sharing_enabled":true,"_links":{"self":[{"href":"https:\/\/cdnoticias.com\/index.php\/wp-json\/wp\/v2\/posts\/32499","targetHints":{"allow":["GET"]}}],"collection":[{"href":"https:\/\/cdnoticias.com\/index.php\/wp-json\/wp\/v2\/posts"}],"about":[{"href":"https:\/\/cdnoticias.com\/index.php\/wp-json\/wp\/v2\/types\/post"}],"author":[{"embeddable":true,"href":"https:\/\/cdnoticias.com\/index.php\/wp-json\/wp\/v2\/users\/3"}],"replies":[{"embeddable":true,"href":"https:\/\/cdnoticias.com\/index.php\/wp-json\/wp\/v2\/comments?post=32499"}],"version-history":[{"count":0,"href":"https:\/\/cdnoticias.com\/index.php\/wp-json\/wp\/v2\/posts\/32499\/revisions"}],"wp:featuredmedia":[{"embeddable":true,"href":"https:\/\/cdnoticias.com\/index.php\/wp-json\/wp\/v2\/media\/32500"}],"wp:attachment":[{"href":"https:\/\/cdnoticias.com\/index.php\/wp-json\/wp\/v2\/media?parent=32499"}],"wp:term":[{"taxonomy":"category","embeddable":true,"href":"https:\/\/cdnoticias.com\/index.php\/wp-json\/wp\/v2\/categories?post=32499"},{"taxonomy":"post_tag","embeddable":true,"href":"https:\/\/cdnoticias.com\/index.php\/wp-json\/wp\/v2\/tags?post=32499"}],"curies":[{"name":"wp","href":"https:\/\/api.w.org\/{rel}","templated":true}]}}