{"id":32477,"date":"2021-09-11T14:11:21","date_gmt":"2021-09-11T17:11:21","guid":{"rendered":"http:\/\/www.centraldenoticias.com.ar\/?p=32477"},"modified":"2021-09-11T15:51:09","modified_gmt":"2021-09-11T18:51:09","slug":"presentacion-de-distintivos-el-municipio-ofrecio-la-casa-del-bicentenario","status":"publish","type":"post","link":"https:\/\/cdnoticias.com\/index.php\/2021\/09\/11\/presentacion-de-distintivos-el-municipio-ofrecio-la-casa-del-bicentenario\/","title":{"rendered":"Presentaci\u00f3n de distintivos: el Municipio ofreci\u00f3 la Casa del Bicentenario"},"content":{"rendered":"<p>El secretario de Desarrollo Humano explic\u00f3 c\u00f3mo se permitir\u00e1n estos eventos, tradicionales para los estudiantes de secundario. Habilitar\u00e1n presentaciones en escuelas, pero requerir\u00e1n \u201cautorizaci\u00f3n\u201d municipal.<!--more--><\/p>\n<hr \/>\n<p><strong>El Municipio ofreci\u00f3 una respuesta a la demanda de los estudiantes de los \u00faltimos a\u00f1os de escuelas secundarias para las presentaciones de distintivos<\/strong>: \u201cpuso a disposici\u00f3n\u201d la <strong>Casa del Bicentenario<\/strong> para llevar adelante las intervenciones.<\/p>\n<p>&nbsp;<\/p>\n<p>Tambi\u00e9n <strong>se permitir\u00e1n las presentaciones en cada establecimiento educativo, pero requerir\u00e1n \u201cautorizaci\u00f3n\u201d<\/strong> por parte de la Municipalidad.<\/p>\n<p>&nbsp;<\/p>\n<p>El tema hab\u00eda sido expuesto en las redes y hasta hubo un intento de llevar adelante una manifestaci\u00f3n que deriv\u00f3 en <a href=\"https:\/\/cdnoticias.com\/index.php\/2021\/09\/10\/distintivos-tras-rumores-de-movilizacion-el-intendente-galli-aclaro-que-evaluamos-opciones\/\" target=\"_blank\" rel=\"noopener\">expresiones del propio Intendente<\/a>. Este s\u00e1bado, <strong>el secretario de Desarrollo Humano, Diego Robbiani, inform\u00f3 a trav\u00e9s de sus redes la decisi\u00f3n tomada<\/strong>.<\/p>\n<p>&nbsp;<\/p>\n<blockquote><p>\u201cAnte las dificultades que se presentaron esta semana con respecto a los l\u00edmites protocolares dispuestos por la Provincia de Buenos Aires para la presentaci\u00f3n de distintivos de las Promos 2021, y en pos de que los j\u00f3venes puedan disfrutar este evento tan importante, el Municipio pone a disposici\u00f3n el espacio p\u00fablico de la Casa Del Bicentenario para que puedan realizar el festejo\u201d expuso el funcionario.<\/p><\/blockquote>\n<p>&nbsp;<\/p>\n<p>Hizo hincapi\u00e9 en que por tratarse de un lugar al aire libre <strong>facilitar\u00e1 la \u201cmayor cantidad de asistentes<\/strong> (familia, comunidad educativa, amigos) en el marco de un <strong>contexto cuidado y seguro<\/strong>\u201d.<\/p>\n<p>&nbsp;<\/p>\n<blockquote class=\"twitter-tweet\">\n<p dir=\"ltr\" lang=\"es\">el Municipio pone a disposici\u00f3n el espacio p\u00fablico de la <a href=\"https:\/\/twitter.com\/hashtag\/CasaDelBicentenario?src=hash&amp;ref_src=twsrc%5Etfw\">#CasaDelBicentenario<\/a> para que puedan realizar el festejo.<br \/>\nEs un lugar al aire libre que les permite invitar mayor cantidad de asistentes (familia, comunidad educativa, amigos) en el marco de un contexto cuidado y seguro.<\/p>\n<p>\u2014 Diego Robbiani (@robbiani_diego) <a href=\"https:\/\/twitter.com\/robbiani_diego\/status\/1436725944207740930?ref_src=twsrc%5Etfw\">September 11, 2021<\/a><\/p><\/blockquote>\n<p><script async src=\"https:\/\/platform.twitter.com\/widgets.js\" charset=\"utf-8\"><\/script><\/p>\n<p>\u00bfC\u00f3mo deben proceder los estudiantes y los cursos? <strong>Podr\u00e1n pedir el espacio<\/strong> a trav\u00e9s del mail <em>bicentenario@olavarria.gov.ar<\/em> o al tel\u00e9fono 418454, de lunes a viernes de 7 a 13 horas.<\/p>\n<p>&nbsp;<\/p>\n<blockquote><p>Por \u00faltimo, el secretario a\u00f1adi\u00f3 que para \u201crealizar la presentaci\u00f3n en la puerta de cada Escuela \u2013al aire libre\u2013, tendr\u00e1n que hacer un pedido formal de autorizaci\u00f3n ante la Subsecretar\u00eda de Cultura y Educaci\u00f3n del Municipio\u201d.<\/p><\/blockquote>\n<p>&nbsp;<\/p>\n<p>En ese caso, deben presentar una nota al mail <em>subsecretariacultura@olavarria.gov.ar<\/em> para que desde el organismo municipal <strong>se disponga \u201cla log\u00edstica correspondiente\u201d<\/strong> para este tipo de eventos en la v\u00eda p\u00fablica.<\/p>\n","protected":false},"excerpt":{"rendered":"<p>El secretario de Desarrollo Humano explic\u00f3 c\u00f3mo se permitir\u00e1n estos eventos, tradicionales para los estudiantes de secundario. Habilitar\u00e1n presentaciones en<\/p>\n","protected":false},"author":4,"featured_media":32187,"comment_status":"closed","ping_status":"closed","sticky":false,"template":"","format":"standard","meta":{"_jetpack_memberships_contains_paid_content":false,"footnotes":""},"categories":[5,1],"tags":[],"class_list":["post-32477","post","type-post","status-publish","format-standard","has-post-thumbnail","hentry","category-informacion-general","category-portada"],"jetpack_featured_media_url":"https:\/\/i0.wp.com\/cdnoticias.com\/wp-content\/uploads\/2021\/09\/Casa-Bicentenario-1024x683.jpg?fit=1024%2C683&ssl=1","jetpack_sharing_enabled":true,"_links":{"self":[{"href":"https:\/\/cdnoticias.com\/index.php\/wp-json\/wp\/v2\/posts\/32477","targetHints":{"allow":["GET"]}}],"collection":[{"href":"https:\/\/cdnoticias.com\/index.php\/wp-json\/wp\/v2\/posts"}],"about":[{"href":"https:\/\/cdnoticias.com\/index.php\/wp-json\/wp\/v2\/types\/post"}],"author":[{"embeddable":true,"href":"https:\/\/cdnoticias.com\/index.php\/wp-json\/wp\/v2\/users\/4"}],"replies":[{"embeddable":true,"href":"https:\/\/cdnoticias.com\/index.php\/wp-json\/wp\/v2\/comments?post=32477"}],"version-history":[{"count":0,"href":"https:\/\/cdnoticias.com\/index.php\/wp-json\/wp\/v2\/posts\/32477\/revisions"}],"wp:featuredmedia":[{"embeddable":true,"href":"https:\/\/cdnoticias.com\/index.php\/wp-json\/wp\/v2\/media\/32187"}],"wp:attachment":[{"href":"https:\/\/cdnoticias.com\/index.php\/wp-json\/wp\/v2\/media?parent=32477"}],"wp:term":[{"taxonomy":"category","embeddable":true,"href":"https:\/\/cdnoticias.com\/index.php\/wp-json\/wp\/v2\/categories?post=32477"},{"taxonomy":"post_tag","embeddable":true,"href":"https:\/\/cdnoticias.com\/index.php\/wp-json\/wp\/v2\/tags?post=32477"}],"curies":[{"name":"wp","href":"https:\/\/api.w.org\/{rel}","templated":true}]}}