{"id":32466,"date":"2021-09-11T11:44:53","date_gmt":"2021-09-11T14:44:53","guid":{"rendered":"http:\/\/www.centraldenoticias.com.ar\/?p=32466"},"modified":"2021-09-11T11:44:53","modified_gmt":"2021-09-11T14:44:53","slug":"homenaje-a-sarmiento-en-el-aniversario-de-su-fallecimiento","status":"publish","type":"post","link":"https:\/\/cdnoticias.com\/index.php\/2021\/09\/11\/homenaje-a-sarmiento-en-el-aniversario-de-su-fallecimiento\/","title":{"rendered":"Homenaje a Sarmiento en el aniversario de su fallecimiento"},"content":{"rendered":"<p>El intendente Ezequiel Galli encabez\u00f3 el acto a 133 a\u00f1os del fallecimiento del ex presidente. En ese marco, este s\u00e1bado se festeja el D\u00eda de la Maestra y del Maestro en el pa\u00eds.<!--more--><\/p>\n<hr \/>\n<p>Este s\u00e1bado 11 de septiembre <strong>se cumplen 133 a\u00f1os del fallecimiento de Domingo Faustino Sarmiento<\/strong>.<\/p>\n<p>&nbsp;<\/p>\n<p>Por tal motivo, <strong>esta ma\u00f1ana el intendente Ezequiel Galli encabez\u00f3 el acto conmemorativo en su memoria<\/strong>, que tuvo lugar frente al busto ubicado en la intersecci\u00f3n de las calles Cerrito y V\u00e9lez Sarsfield.<\/p>\n<p>&nbsp;<\/p>\n<p><img data-recalc-dims=\"1\" loading=\"lazy\" decoding=\"async\" class=\"size-full wp-image-32455 aligncenter\" src=\"https:\/\/i0.wp.com\/cdnoticias.com\/wp-content\/uploads\/2021\/09\/acto-sarmiento-01.jpg?resize=800%2C445&#038;ssl=1\" alt=\"\" width=\"800\" height=\"445\" srcset=\"https:\/\/i0.wp.com\/cdnoticias.com\/wp-content\/uploads\/2021\/09\/acto-sarmiento-01.jpg?w=800&amp;ssl=1 800w, https:\/\/i0.wp.com\/cdnoticias.com\/wp-content\/uploads\/2021\/09\/acto-sarmiento-01.jpg?resize=300%2C167&amp;ssl=1 300w, https:\/\/i0.wp.com\/cdnoticias.com\/wp-content\/uploads\/2021\/09\/acto-sarmiento-01.jpg?resize=768%2C427&amp;ssl=1 768w\" sizes=\"auto, (max-width: 800px) 100vw, 800px\" \/><\/p>\n<p>Estuvo acompa\u00f1ado por el <strong>presidente del Honorable Concejo Deliberante Bruno Cenizo<\/strong>, el <strong>presidente del Consejo Escolar Bruno Di Carlo<\/strong>, secretarios de Gabinete, concejales y consejeras escolares.<\/p>\n<p>&nbsp;<\/p>\n<blockquote><p>Fue un acto breve y sencillo que homenaje\u00f3 a quien fuera maestro rural y lleg\u00f3 a ser Presidente de la Argentina entre 1868 y 1874. En ese marco, este s\u00e1bado se festeja el D\u00eda de la Maestra y del Maestro en el pa\u00eds.<\/p><\/blockquote>\n<p><img data-recalc-dims=\"1\" loading=\"lazy\" decoding=\"async\" class=\"size-full wp-image-32458 aligncenter\" src=\"https:\/\/i0.wp.com\/cdnoticias.com\/wp-content\/uploads\/2021\/09\/acto-sarmiento-04.jpg?resize=800%2C445&#038;ssl=1\" alt=\"\" width=\"800\" height=\"445\" srcset=\"https:\/\/i0.wp.com\/cdnoticias.com\/wp-content\/uploads\/2021\/09\/acto-sarmiento-04.jpg?w=800&amp;ssl=1 800w, https:\/\/i0.wp.com\/cdnoticias.com\/wp-content\/uploads\/2021\/09\/acto-sarmiento-04.jpg?resize=300%2C167&amp;ssl=1 300w, https:\/\/i0.wp.com\/cdnoticias.com\/wp-content\/uploads\/2021\/09\/acto-sarmiento-04.jpg?resize=768%2C427&amp;ssl=1 768w\" sizes=\"auto, (max-width: 800px) 100vw, 800px\" \/><\/p>\n<p>Tras la entonaci\u00f3n de las <strong>estrofas del Himno Nacional Argentino<\/strong> se procedi\u00f3 a la <strong>colocaci\u00f3n de palmas al pie del busto<\/strong>. El intendente Galli lo hizo junto a la consejera escolar Andrea Rivas en representaci\u00f3n de la Municipalidad y en representaci\u00f3n del HCD lo hicieron Bruno Cenizo y Mar\u00eda Jos\u00e9 Gonz\u00e1lez.<\/p>\n<p>&nbsp;<\/p>\n<p>El acto culmin\u00f3 con la entonaci\u00f3n del Himno a Sarmiento.<\/p>\n<p><img data-recalc-dims=\"1\" loading=\"lazy\" decoding=\"async\" class=\"alignnone size-full wp-image-32457\" src=\"https:\/\/i0.wp.com\/cdnoticias.com\/wp-content\/uploads\/2021\/09\/acto-sarmiento-03.jpg?resize=800%2C445&#038;ssl=1\" alt=\"\" width=\"800\" height=\"445\" srcset=\"https:\/\/i0.wp.com\/cdnoticias.com\/wp-content\/uploads\/2021\/09\/acto-sarmiento-03.jpg?w=800&amp;ssl=1 800w, https:\/\/i0.wp.com\/cdnoticias.com\/wp-content\/uploads\/2021\/09\/acto-sarmiento-03.jpg?resize=300%2C167&amp;ssl=1 300w, https:\/\/i0.wp.com\/cdnoticias.com\/wp-content\/uploads\/2021\/09\/acto-sarmiento-03.jpg?resize=768%2C427&amp;ssl=1 768w\" sizes=\"auto, (max-width: 800px) 100vw, 800px\" \/><\/p>\n<p><img data-recalc-dims=\"1\" loading=\"lazy\" decoding=\"async\" class=\"alignnone size-full wp-image-32456\" src=\"https:\/\/i0.wp.com\/cdnoticias.com\/wp-content\/uploads\/2021\/09\/acto-sarmiento-02.jpg?resize=800%2C445&#038;ssl=1\" alt=\"\" width=\"800\" height=\"445\" srcset=\"https:\/\/i0.wp.com\/cdnoticias.com\/wp-content\/uploads\/2021\/09\/acto-sarmiento-02.jpg?w=800&amp;ssl=1 800w, https:\/\/i0.wp.com\/cdnoticias.com\/wp-content\/uploads\/2021\/09\/acto-sarmiento-02.jpg?resize=300%2C167&amp;ssl=1 300w, https:\/\/i0.wp.com\/cdnoticias.com\/wp-content\/uploads\/2021\/09\/acto-sarmiento-02.jpg?resize=768%2C427&amp;ssl=1 768w\" sizes=\"auto, (max-width: 800px) 100vw, 800px\" \/><\/p>\n","protected":false},"excerpt":{"rendered":"<p>El intendente Ezequiel Galli encabez\u00f3 el acto a 133 a\u00f1os del fallecimiento del ex presidente. En ese marco, este s\u00e1bado<\/p>\n","protected":false},"author":4,"featured_media":32454,"comment_status":"closed","ping_status":"closed","sticky":false,"template":"","format":"standard","meta":{"_jetpack_memberships_contains_paid_content":false,"footnotes":""},"categories":[5,1],"tags":[],"class_list":["post-32466","post","type-post","status-publish","format-standard","has-post-thumbnail","hentry","category-informacion-general","category-portada"],"jetpack_featured_media_url":"https:\/\/i0.wp.com\/cdnoticias.com\/wp-content\/uploads\/2021\/09\/acto-sarmiento-00.jpg?fit=800%2C445&ssl=1","jetpack_sharing_enabled":true,"_links":{"self":[{"href":"https:\/\/cdnoticias.com\/index.php\/wp-json\/wp\/v2\/posts\/32466","targetHints":{"allow":["GET"]}}],"collection":[{"href":"https:\/\/cdnoticias.com\/index.php\/wp-json\/wp\/v2\/posts"}],"about":[{"href":"https:\/\/cdnoticias.com\/index.php\/wp-json\/wp\/v2\/types\/post"}],"author":[{"embeddable":true,"href":"https:\/\/cdnoticias.com\/index.php\/wp-json\/wp\/v2\/users\/4"}],"replies":[{"embeddable":true,"href":"https:\/\/cdnoticias.com\/index.php\/wp-json\/wp\/v2\/comments?post=32466"}],"version-history":[{"count":0,"href":"https:\/\/cdnoticias.com\/index.php\/wp-json\/wp\/v2\/posts\/32466\/revisions"}],"wp:featuredmedia":[{"embeddable":true,"href":"https:\/\/cdnoticias.com\/index.php\/wp-json\/wp\/v2\/media\/32454"}],"wp:attachment":[{"href":"https:\/\/cdnoticias.com\/index.php\/wp-json\/wp\/v2\/media?parent=32466"}],"wp:term":[{"taxonomy":"category","embeddable":true,"href":"https:\/\/cdnoticias.com\/index.php\/wp-json\/wp\/v2\/categories?post=32466"},{"taxonomy":"post_tag","embeddable":true,"href":"https:\/\/cdnoticias.com\/index.php\/wp-json\/wp\/v2\/tags?post=32466"}],"curies":[{"name":"wp","href":"https:\/\/api.w.org\/{rel}","templated":true}]}}