{"id":32459,"date":"2021-09-11T11:23:11","date_gmt":"2021-09-11T14:23:11","guid":{"rendered":"http:\/\/www.centraldenoticias.com.ar\/?p=32459"},"modified":"2021-09-11T14:11:54","modified_gmt":"2021-09-11T17:11:54","slug":"se-chocaron-el-monumento-del-trabajo-en-loma-negra","status":"publish","type":"post","link":"https:\/\/cdnoticias.com\/index.php\/2021\/09\/11\/se-chocaron-el-monumento-del-trabajo-en-loma-negra\/","title":{"rendered":"Se chocaron el monumento del Trabajo en Loma Negra"},"content":{"rendered":"<p>Un auto se subi\u00f3 a la rotonda e impact\u00f3 contra la estructura. El acompa\u00f1ante sufri\u00f3 lesiones.<!--more--><\/p>\n<hr \/>\n<p><strong>Un siniestro vial de particulares caracter\u00edsticas se registr\u00f3 en la localidad de Loma Negra: un auto impact\u00f3 contra un momento sobre una rotonda<\/strong>.<\/p>\n<p>&nbsp;<\/p>\n<p>Fue en el <strong>cruce de las avenidas 25 de Mayo y Luciano Fortabat<\/strong>. Un<strong> VW Gol Trend<\/strong> en el que circulaban dos personas protagoniz\u00f3 el caso que afortunadamente <strong>no dej\u00f3 heridos de gravedad<\/strong>. Sin embargo, <strong>el monumento del Trabajo qued\u00f3 con serios da\u00f1os.<\/strong><\/p>\n<p><img data-recalc-dims=\"1\" loading=\"lazy\" decoding=\"async\" class=\"size-full wp-image-32462 aligncenter\" src=\"https:\/\/i0.wp.com\/cdnoticias.com\/wp-content\/uploads\/2021\/09\/choque-loma-negra-02.jpg?resize=800%2C445&#038;ssl=1\" alt=\"\" width=\"800\" height=\"445\" srcset=\"https:\/\/i0.wp.com\/cdnoticias.com\/wp-content\/uploads\/2021\/09\/choque-loma-negra-02.jpg?w=800&amp;ssl=1 800w, https:\/\/i0.wp.com\/cdnoticias.com\/wp-content\/uploads\/2021\/09\/choque-loma-negra-02.jpg?resize=300%2C167&amp;ssl=1 300w, https:\/\/i0.wp.com\/cdnoticias.com\/wp-content\/uploads\/2021\/09\/choque-loma-negra-02.jpg?resize=768%2C427&amp;ssl=1 768w\" sizes=\"auto, (max-width: 800px) 100vw, 800px\" \/><\/p>\n<p><img data-recalc-dims=\"1\" loading=\"lazy\" decoding=\"async\" class=\"size-full wp-image-32461 aligncenter\" src=\"https:\/\/i0.wp.com\/cdnoticias.com\/wp-content\/uploads\/2021\/09\/choque-loma-negra-01.jpg?resize=800%2C445&#038;ssl=1\" alt=\"\" width=\"800\" height=\"445\" srcset=\"https:\/\/i0.wp.com\/cdnoticias.com\/wp-content\/uploads\/2021\/09\/choque-loma-negra-01.jpg?w=800&amp;ssl=1 800w, https:\/\/i0.wp.com\/cdnoticias.com\/wp-content\/uploads\/2021\/09\/choque-loma-negra-01.jpg?resize=300%2C167&amp;ssl=1 300w, https:\/\/i0.wp.com\/cdnoticias.com\/wp-content\/uploads\/2021\/09\/choque-loma-negra-01.jpg?resize=768%2C427&amp;ssl=1 768w\" sizes=\"auto, (max-width: 800px) 100vw, 800px\" \/><\/p>\n<p>&nbsp;<\/p>\n<p>Seg\u00fan se pudo saber, una persona dio aviso a la Subcomisar\u00eda de la localidad del caso. Los efectivos policiales se presentaron en la direcci\u00f3n se\u00f1alada y all\u00ed constataron que <strong>el auto, en el que transitaban dos hombres, Emilio (27) y Francisco Allende (23)<\/strong>, conductor y acompa\u00f1ante, respectivamente, <strong>hab\u00eda embestido el monumento ubicado sobre la rotonda<\/strong>.<\/p>\n<p>&nbsp;<\/p>\n<p>Fue convocada <strong>una ambulancia que traslad\u00f3 a los dos ocupantes al Hospital Municipal \u201cDr. H\u00e9ctor Cura\u201d<\/strong>.<\/p>\n<p>&nbsp;<\/p>\n<p>Se indic\u00f3 que<strong> Francisco Allende sufri\u00f3 lesiones de baja consideraci\u00f3n<\/strong>, mientras que el conductor no presentaba heridas.<\/p>\n<p><img data-recalc-dims=\"1\" loading=\"lazy\" decoding=\"async\" class=\"size-full wp-image-32461 aligncenter\" src=\"https:\/\/i0.wp.com\/cdnoticias.com\/wp-content\/uploads\/2021\/09\/choque-loma-negra-01.jpg?resize=800%2C445&#038;ssl=1\" alt=\"\" width=\"800\" height=\"445\" srcset=\"https:\/\/i0.wp.com\/cdnoticias.com\/wp-content\/uploads\/2021\/09\/choque-loma-negra-01.jpg?w=800&amp;ssl=1 800w, https:\/\/i0.wp.com\/cdnoticias.com\/wp-content\/uploads\/2021\/09\/choque-loma-negra-01.jpg?resize=300%2C167&amp;ssl=1 300w, https:\/\/i0.wp.com\/cdnoticias.com\/wp-content\/uploads\/2021\/09\/choque-loma-negra-01.jpg?resize=768%2C427&amp;ssl=1 768w\" sizes=\"auto, (max-width: 800px) 100vw, 800px\" \/><\/p>\n","protected":false},"excerpt":{"rendered":"<p>Un auto se subi\u00f3 a la rotonda e impact\u00f3 contra la estructura. El acompa\u00f1ante sufri\u00f3 lesiones.<\/p>\n","protected":false},"author":4,"featured_media":32460,"comment_status":"closed","ping_status":"closed","sticky":false,"template":"","format":"standard","meta":{"_jetpack_memberships_contains_paid_content":false,"footnotes":""},"categories":[14,1],"tags":[],"class_list":["post-32459","post","type-post","status-publish","format-standard","has-post-thumbnail","hentry","category-policiales","category-portada"],"jetpack_featured_media_url":"https:\/\/i0.wp.com\/cdnoticias.com\/wp-content\/uploads\/2021\/09\/choque-loma-negra-00.jpg?fit=800%2C445&ssl=1","jetpack_sharing_enabled":true,"_links":{"self":[{"href":"https:\/\/cdnoticias.com\/index.php\/wp-json\/wp\/v2\/posts\/32459","targetHints":{"allow":["GET"]}}],"collection":[{"href":"https:\/\/cdnoticias.com\/index.php\/wp-json\/wp\/v2\/posts"}],"about":[{"href":"https:\/\/cdnoticias.com\/index.php\/wp-json\/wp\/v2\/types\/post"}],"author":[{"embeddable":true,"href":"https:\/\/cdnoticias.com\/index.php\/wp-json\/wp\/v2\/users\/4"}],"replies":[{"embeddable":true,"href":"https:\/\/cdnoticias.com\/index.php\/wp-json\/wp\/v2\/comments?post=32459"}],"version-history":[{"count":0,"href":"https:\/\/cdnoticias.com\/index.php\/wp-json\/wp\/v2\/posts\/32459\/revisions"}],"wp:featuredmedia":[{"embeddable":true,"href":"https:\/\/cdnoticias.com\/index.php\/wp-json\/wp\/v2\/media\/32460"}],"wp:attachment":[{"href":"https:\/\/cdnoticias.com\/index.php\/wp-json\/wp\/v2\/media?parent=32459"}],"wp:term":[{"taxonomy":"category","embeddable":true,"href":"https:\/\/cdnoticias.com\/index.php\/wp-json\/wp\/v2\/categories?post=32459"},{"taxonomy":"post_tag","embeddable":true,"href":"https:\/\/cdnoticias.com\/index.php\/wp-json\/wp\/v2\/tags?post=32459"}],"curies":[{"name":"wp","href":"https:\/\/api.w.org\/{rel}","templated":true}]}}