{"id":32385,"date":"2021-09-10T12:10:37","date_gmt":"2021-09-10T15:10:37","guid":{"rendered":"http:\/\/www.centraldenoticias.com.ar\/?p=32385"},"modified":"2021-09-10T12:10:37","modified_gmt":"2021-09-10T15:10:37","slug":"se-presento-en-azul-el-libro-con-la-historia-de-colonia-nievas","status":"publish","type":"post","link":"https:\/\/cdnoticias.com\/index.php\/2021\/09\/10\/se-presento-en-azul-el-libro-con-la-historia-de-colonia-nievas\/","title":{"rendered":"Se present\u00f3 en Azul el libro con la historia de Colonia Nievas"},"content":{"rendered":"<p>Estuvieron los autores, Osvaldo Bugliese y Jos\u00e9 Jacobo. Hubo un espect\u00e1culo de danzas alemanas, y asistieron tambi\u00e9n autoridades municipales del vecino distrito.<!--more--><\/p>\n<hr \/>\n<p><strong>El domingo \u00faltimo, con la presencia de autoridades municipales, periodistas y p\u00fablico en general, en la Escuela de Plater\u00eda de Azul (Ex Estaci\u00f3n Ferrocarril Roca) se realiz\u00f3 la presentaci\u00f3n del libro \u201cColonia Nievas Alemanes del Volga- Relatos de su Historia\u201d<\/strong> de Osvaldo Bugliese y Jos\u00e9 Domingo \u201cMingo\u201d Jacobo, el cual fue declarado <a href=\"https:\/\/cdnoticias.com\/index.php\/2021\/07\/30\/a-sala-llena-se-presento-el-libro-de-la-historia-de-colonia-nievas\/\" target=\"_blank\" rel=\"noopener\">\u201cde inter\u00e9s legislativo cultural\u201d por el Concejo Deliberante de Olavarr\u00eda<\/a>.<\/p>\n<p>&nbsp;<\/p>\n<p>El evento inici\u00f3 en la acera de la Escuela donde se congregaron gran cantidad de espectadores, producto tambi\u00e9n de la multitud que se encontraba disfrutando de la plaza aleda\u00f1a en este soleado d\u00eda de domingo. All\u00ed despleg\u00f3<strong> una brillante presentaci\u00f3n el \u201cBallet de la Dulce Vida\u201d de Azul<\/strong>, dirigido por Mauricio Brown.<\/p>\n<p>&nbsp;<\/p>\n<p><img data-recalc-dims=\"1\" loading=\"lazy\" decoding=\"async\" class=\"size-full wp-image-32388 aligncenter\" src=\"https:\/\/i0.wp.com\/cdnoticias.com\/wp-content\/uploads\/2021\/09\/azul-BAILE1.jpg?resize=800%2C445&#038;ssl=1\" alt=\"\" width=\"800\" height=\"445\" srcset=\"https:\/\/i0.wp.com\/cdnoticias.com\/wp-content\/uploads\/2021\/09\/azul-BAILE1.jpg?w=800&amp;ssl=1 800w, https:\/\/i0.wp.com\/cdnoticias.com\/wp-content\/uploads\/2021\/09\/azul-BAILE1.jpg?resize=300%2C167&amp;ssl=1 300w, https:\/\/i0.wp.com\/cdnoticias.com\/wp-content\/uploads\/2021\/09\/azul-BAILE1.jpg?resize=768%2C427&amp;ssl=1 768w\" sizes=\"auto, (max-width: 800px) 100vw, 800px\" \/><\/p>\n<p>&nbsp;<\/p>\n<p>Luego los interesados en la presentaci\u00f3n del libro ingresaron a la Escuela de Plater\u00eda donde, con el espacio totalmente cubierto en su capacidad, de acuerdo al aforo establecido, comenz\u00f3 la <strong>presentaci\u00f3n de \u201cColonia Nievas Alemanes del Volga- Relatos de su Historia\u201d<\/strong>.<\/p>\n<p>&nbsp;<\/p>\n<p>Andrea Ciappina, quien ofici\u00f3 de locutora, agradeci\u00f3 la asistencia de las autoridades y p\u00fablico, luego present\u00f3 a los panelistas. La primera disertaci\u00f3n fue del <strong>director de Cultura de la Municipalidad de Azul, Mart\u00edn Laborda<\/strong>, quien luego de presentar los saludos enviados por el Intendente Municipal, Hern\u00e1n Bertellys\u00a0 se refiri\u00f3 a la importancia de esta obra.<\/p>\n<p>&nbsp;<\/p>\n<blockquote><p>A continuaci\u00f3n el comunicador Mario Giaimo ofreci\u00f3 tambi\u00e9n un discurso con la valoraci\u00f3n del libro y finalmente los autores se explayaron sobre la historia de los Alemanes del Volga, an\u00e9cdotas de Colonia Nievas y c\u00f3mo se gest\u00f3 este material literario.<\/p><\/blockquote>\n<p>&nbsp;<\/p>\n<p><img data-recalc-dims=\"1\" loading=\"lazy\" decoding=\"async\" class=\"size-full wp-image-32389 aligncenter\" src=\"https:\/\/i0.wp.com\/cdnoticias.com\/wp-content\/uploads\/2021\/09\/azul-tusnelda-colonia-02.jpg?resize=800%2C445&#038;ssl=1\" alt=\"\" width=\"800\" height=\"445\" srcset=\"https:\/\/i0.wp.com\/cdnoticias.com\/wp-content\/uploads\/2021\/09\/azul-tusnelda-colonia-02.jpg?w=800&amp;ssl=1 800w, https:\/\/i0.wp.com\/cdnoticias.com\/wp-content\/uploads\/2021\/09\/azul-tusnelda-colonia-02.jpg?resize=300%2C167&amp;ssl=1 300w, https:\/\/i0.wp.com\/cdnoticias.com\/wp-content\/uploads\/2021\/09\/azul-tusnelda-colonia-02.jpg?resize=768%2C427&amp;ssl=1 768w\" sizes=\"auto, (max-width: 800px) 100vw, 800px\" \/><\/p>\n<p>&nbsp;<\/p>\n<p>En la oportunidad <strong>la profesora Tusnelda Heiland<\/strong> quien escribi\u00f3 el pr\u00f3logo del libro, procedi\u00f3 a su lectura y realiz\u00f3 algunas consideraciones por su condici\u00f3n de descendiente de una de las familias fundadoras de la Colonia.<\/p>\n<p>&nbsp;<\/p>\n<p>En una parte de su alocuci\u00f3n Bugliese expres\u00f3 su<strong> homenaje por el aniversario de la \u201cDeportaci\u00f3n y Genocidio de los Alemanes del Volga\u201d (1941)<\/strong> al cumplirse el pasado 28 de agosto los 80 a\u00f1os.<\/p>\n<p>&nbsp;<\/p>\n<p>El autor \u201cMingo\u201d Jacobo en su discurso record\u00f3<strong> \u00e9pocas remotas de la Colonia y coment\u00f3 an\u00e9cdotas del lugar<\/strong>.<\/p>\n<p>&nbsp;<\/p>\n<p><img data-recalc-dims=\"1\" loading=\"lazy\" decoding=\"async\" class=\"size-full wp-image-32390 aligncenter\" src=\"https:\/\/i0.wp.com\/cdnoticias.com\/wp-content\/uploads\/2021\/09\/azul-PANEL.jpg?resize=800%2C445&#038;ssl=1\" alt=\"\" width=\"800\" height=\"445\" srcset=\"https:\/\/i0.wp.com\/cdnoticias.com\/wp-content\/uploads\/2021\/09\/azul-PANEL.jpg?w=800&amp;ssl=1 800w, https:\/\/i0.wp.com\/cdnoticias.com\/wp-content\/uploads\/2021\/09\/azul-PANEL.jpg?resize=300%2C167&amp;ssl=1 300w, https:\/\/i0.wp.com\/cdnoticias.com\/wp-content\/uploads\/2021\/09\/azul-PANEL.jpg?resize=768%2C427&amp;ssl=1 768w\" sizes=\"auto, (max-width: 800px) 100vw, 800px\" \/><\/p>\n<p>&nbsp;<\/p>\n<p>A continuaci\u00f3n los autores <strong>entregaron un ejemplar de recuerdo a la Municipalidad de Azul<\/strong> que recibi\u00f3 el director de Cultura Laborda.<\/p>\n<p>&nbsp;<\/p>\n<p>Para finalizar <strong>se ofrecieron a la venta los ejemplares, cuya recaudaci\u00f3n ser\u00e1 para la Capilla \u201cSan Miguel Arc\u00e1ngel\u201d de Nievas<\/strong>. Cada libro llev\u00f3 la firma de los autores que tuvieron as\u00ed un contacto con cada lector.<\/p>\n<p><img data-recalc-dims=\"1\" loading=\"lazy\" decoding=\"async\" class=\"alignnone size-large wp-image-32391\" src=\"https:\/\/i0.wp.com\/cdnoticias.com\/wp-content\/uploads\/2021\/09\/azul-publico-00.jpg?resize=800%2C445&#038;ssl=1\" alt=\"\" width=\"800\" height=\"445\" srcset=\"https:\/\/i0.wp.com\/cdnoticias.com\/wp-content\/uploads\/2021\/09\/azul-publico-00.jpg?w=800&amp;ssl=1 800w, https:\/\/i0.wp.com\/cdnoticias.com\/wp-content\/uploads\/2021\/09\/azul-publico-00.jpg?resize=300%2C167&amp;ssl=1 300w, https:\/\/i0.wp.com\/cdnoticias.com\/wp-content\/uploads\/2021\/09\/azul-publico-00.jpg?resize=768%2C427&amp;ssl=1 768w\" sizes=\"auto, (max-width: 800px) 100vw, 800px\" \/><\/p>\n<p><img data-recalc-dims=\"1\" loading=\"lazy\" decoding=\"async\" class=\"alignnone size-large wp-image-32392\" src=\"https:\/\/i0.wp.com\/cdnoticias.com\/wp-content\/uploads\/2021\/09\/azul-BAILE2.jpg?resize=800%2C445&#038;ssl=1\" alt=\"\" width=\"800\" height=\"445\" srcset=\"https:\/\/i0.wp.com\/cdnoticias.com\/wp-content\/uploads\/2021\/09\/azul-BAILE2.jpg?w=800&amp;ssl=1 800w, https:\/\/i0.wp.com\/cdnoticias.com\/wp-content\/uploads\/2021\/09\/azul-BAILE2.jpg?resize=300%2C167&amp;ssl=1 300w, https:\/\/i0.wp.com\/cdnoticias.com\/wp-content\/uploads\/2021\/09\/azul-BAILE2.jpg?resize=768%2C427&amp;ssl=1 768w\" sizes=\"auto, (max-width: 800px) 100vw, 800px\" \/><\/p>\n<p>&nbsp;<\/p>\n","protected":false},"excerpt":{"rendered":"<p>Estuvieron los autores, Osvaldo Bugliese y Jos\u00e9 Jacobo. Hubo un espect\u00e1culo de danzas alemanas, y asistieron tambi\u00e9n autoridades municipales del<\/p>\n","protected":false},"author":4,"featured_media":32387,"comment_status":"closed","ping_status":"closed","sticky":false,"template":"","format":"standard","meta":{"_jetpack_memberships_contains_paid_content":false,"footnotes":""},"categories":[9,1],"tags":[],"class_list":["post-32385","post","type-post","status-publish","format-standard","has-post-thumbnail","hentry","category-cultura","category-portada"],"jetpack_featured_media_url":"https:\/\/i0.wp.com\/cdnoticias.com\/wp-content\/uploads\/2021\/09\/azul-panel2.jpg?fit=800%2C445&ssl=1","jetpack_sharing_enabled":true,"_links":{"self":[{"href":"https:\/\/cdnoticias.com\/index.php\/wp-json\/wp\/v2\/posts\/32385","targetHints":{"allow":["GET"]}}],"collection":[{"href":"https:\/\/cdnoticias.com\/index.php\/wp-json\/wp\/v2\/posts"}],"about":[{"href":"https:\/\/cdnoticias.com\/index.php\/wp-json\/wp\/v2\/types\/post"}],"author":[{"embeddable":true,"href":"https:\/\/cdnoticias.com\/index.php\/wp-json\/wp\/v2\/users\/4"}],"replies":[{"embeddable":true,"href":"https:\/\/cdnoticias.com\/index.php\/wp-json\/wp\/v2\/comments?post=32385"}],"version-history":[{"count":0,"href":"https:\/\/cdnoticias.com\/index.php\/wp-json\/wp\/v2\/posts\/32385\/revisions"}],"wp:featuredmedia":[{"embeddable":true,"href":"https:\/\/cdnoticias.com\/index.php\/wp-json\/wp\/v2\/media\/32387"}],"wp:attachment":[{"href":"https:\/\/cdnoticias.com\/index.php\/wp-json\/wp\/v2\/media?parent=32385"}],"wp:term":[{"taxonomy":"category","embeddable":true,"href":"https:\/\/cdnoticias.com\/index.php\/wp-json\/wp\/v2\/categories?post=32385"},{"taxonomy":"post_tag","embeddable":true,"href":"https:\/\/cdnoticias.com\/index.php\/wp-json\/wp\/v2\/tags?post=32385"}],"curies":[{"name":"wp","href":"https:\/\/api.w.org\/{rel}","templated":true}]}}