{"id":32380,"date":"2021-09-10T11:34:52","date_gmt":"2021-09-10T14:34:52","guid":{"rendered":"http:\/\/www.centraldenoticias.com.ar\/?p=32380"},"modified":"2021-09-13T08:57:16","modified_gmt":"2021-09-13T11:57:16","slug":"un-camionero-olavarriense-murio-en-un-accidente-cerca-de-9-de-julio","status":"publish","type":"post","link":"https:\/\/cdnoticias.com\/index.php\/2021\/09\/10\/un-camionero-olavarriense-murio-en-un-accidente-cerca-de-9-de-julio\/","title":{"rendered":"Un camionero olavarriense muri\u00f3 en un accidente cerca de 9 de Julio"},"content":{"rendered":"<p>El hecho se produjo en Ruta 65 el pasado mi\u00e9rcoles, y el conductor de nuestra ciudad, de 38 a\u00f1os, muri\u00f3 este viernes producto de las graves heridas.\u00a0<!--more--><\/p>\n<hr \/>\n<p>En la jornada de este viernes se conoci\u00f3 <strong>el fallecimiento de un olavarriense luego de estar dos d\u00edas internado en Terapia Intensiva tras un violento accidente en ruta 65, cerca de la localidad de 9 de Julio.<\/strong><\/p>\n<p>&nbsp;<\/p>\n<p><img data-recalc-dims=\"1\" loading=\"lazy\" decoding=\"async\" class=\"alignnone size-large wp-image-32383\" src=\"https:\/\/i0.wp.com\/cdnoticias.com\/wp-content\/uploads\/2021\/09\/choque-9-de-julio-800x445b.jpg?resize=800%2C445&#038;ssl=1\" alt=\"\" width=\"800\" height=\"445\" srcset=\"https:\/\/i0.wp.com\/cdnoticias.com\/wp-content\/uploads\/2021\/09\/choque-9-de-julio-800x445b.jpg?resize=1024%2C570&amp;ssl=1 1024w, https:\/\/i0.wp.com\/cdnoticias.com\/wp-content\/uploads\/2021\/09\/choque-9-de-julio-800x445b.jpg?resize=300%2C167&amp;ssl=1 300w, https:\/\/i0.wp.com\/cdnoticias.com\/wp-content\/uploads\/2021\/09\/choque-9-de-julio-800x445b.jpg?resize=768%2C427&amp;ssl=1 768w, https:\/\/i0.wp.com\/cdnoticias.com\/wp-content\/uploads\/2021\/09\/choque-9-de-julio-800x445b.jpg?resize=800%2C445&amp;ssl=1 800w, https:\/\/i0.wp.com\/cdnoticias.com\/wp-content\/uploads\/2021\/09\/choque-9-de-julio-800x445b.jpg?w=1132&amp;ssl=1 1132w\" sizes=\"auto, (max-width: 800px) 100vw, 800px\" \/><\/p>\n<p>&nbsp;<\/p>\n<p>El accidente se produjo en <strong>ruta 65 y v\u00edas de El Tejar, cuando un cami\u00f3n Volkswagen (conducido por el olavarriense identificado como Mariano Medina P\u00e9rez de 38 a\u00f1os) circulaba en sentido Jun\u00edn hacia 9 de Julio e impact\u00f3 contra una camioneta Chevrolet S10 que era tripulada por dos personas oriundas de Mar del Plata.<\/strong><\/p>\n<p>&nbsp;<\/p>\n<blockquote><p>Personal policial admiti\u00f3 que el choque fue en plena recta, con calzada mojada por las intensas lluvias y la ruta estaba \u201cdefectuosa\u201d.<\/p><\/blockquote>\n<p>&nbsp;<\/p>\n<p>Por la violencia del impacto, trabajaron Bomberos Voluntarios, Defensa Civil, Polic\u00eda Vial y Polic\u00eda de la Estaci\u00f3n de Polic\u00eda Comunal.<\/p>\n<p>&nbsp;<\/p>\n<p><img data-recalc-dims=\"1\" loading=\"lazy\" decoding=\"async\" class=\"alignnone size-large wp-image-32381\" src=\"https:\/\/i0.wp.com\/cdnoticias.com\/wp-content\/uploads\/2021\/09\/choque-9-de-julio-800x445.jpg?resize=800%2C445&#038;ssl=1\" alt=\"\" width=\"800\" height=\"445\" srcset=\"https:\/\/i0.wp.com\/cdnoticias.com\/wp-content\/uploads\/2021\/09\/choque-9-de-julio-800x445.jpg?resize=1024%2C570&amp;ssl=1 1024w, https:\/\/i0.wp.com\/cdnoticias.com\/wp-content\/uploads\/2021\/09\/choque-9-de-julio-800x445.jpg?resize=300%2C167&amp;ssl=1 300w, https:\/\/i0.wp.com\/cdnoticias.com\/wp-content\/uploads\/2021\/09\/choque-9-de-julio-800x445.jpg?resize=768%2C427&amp;ssl=1 768w, https:\/\/i0.wp.com\/cdnoticias.com\/wp-content\/uploads\/2021\/09\/choque-9-de-julio-800x445.jpg?resize=800%2C445&amp;ssl=1 800w, https:\/\/i0.wp.com\/cdnoticias.com\/wp-content\/uploads\/2021\/09\/choque-9-de-julio-800x445.jpg?w=1600&amp;ssl=1 1600w\" sizes=\"auto, (max-width: 800px) 100vw, 800px\" \/><\/p>\n<p>&nbsp;<\/p>\n<p>Los tres involucrados fueron trasladados al Hospital Julio de Vedia de 9 de Julio, y <strong>el camionero result\u00f3 con las heridas de mayor gravedad, siendo internado en Terapia Intensiva hasta que se produjo su lamentable fallecimiento este viernes.<\/strong><\/p>\n<p>&nbsp;<\/p>\n<p>Por el hecho, interviene la UFI Nro 3 del Departamento Judicial de Mercedes.<\/p>\n<p>&nbsp;<\/p>\n<p><strong><em>Fotos e informaci\u00f3n: gentileza El Regional Digital<\/em><\/strong><\/p>\n","protected":false},"excerpt":{"rendered":"<p>El hecho se produjo en Ruta 65 el pasado mi\u00e9rcoles, y el conductor de nuestra ciudad, de 38 a\u00f1os, muri\u00f3<\/p>\n","protected":false},"author":2,"featured_media":32382,"comment_status":"closed","ping_status":"closed","sticky":false,"template":"","format":"standard","meta":{"_jetpack_memberships_contains_paid_content":false,"footnotes":""},"categories":[14,1],"tags":[],"class_list":["post-32380","post","type-post","status-publish","format-standard","has-post-thumbnail","hentry","category-policiales","category-portada"],"jetpack_featured_media_url":"https:\/\/i0.wp.com\/cdnoticias.com\/wp-content\/uploads\/2021\/09\/choque-9-de-julio-800x445a.jpg?fit=1600%2C890&ssl=1","jetpack_sharing_enabled":true,"_links":{"self":[{"href":"https:\/\/cdnoticias.com\/index.php\/wp-json\/wp\/v2\/posts\/32380","targetHints":{"allow":["GET"]}}],"collection":[{"href":"https:\/\/cdnoticias.com\/index.php\/wp-json\/wp\/v2\/posts"}],"about":[{"href":"https:\/\/cdnoticias.com\/index.php\/wp-json\/wp\/v2\/types\/post"}],"author":[{"embeddable":true,"href":"https:\/\/cdnoticias.com\/index.php\/wp-json\/wp\/v2\/users\/2"}],"replies":[{"embeddable":true,"href":"https:\/\/cdnoticias.com\/index.php\/wp-json\/wp\/v2\/comments?post=32380"}],"version-history":[{"count":0,"href":"https:\/\/cdnoticias.com\/index.php\/wp-json\/wp\/v2\/posts\/32380\/revisions"}],"wp:featuredmedia":[{"embeddable":true,"href":"https:\/\/cdnoticias.com\/index.php\/wp-json\/wp\/v2\/media\/32382"}],"wp:attachment":[{"href":"https:\/\/cdnoticias.com\/index.php\/wp-json\/wp\/v2\/media?parent=32380"}],"wp:term":[{"taxonomy":"category","embeddable":true,"href":"https:\/\/cdnoticias.com\/index.php\/wp-json\/wp\/v2\/categories?post=32380"},{"taxonomy":"post_tag","embeddable":true,"href":"https:\/\/cdnoticias.com\/index.php\/wp-json\/wp\/v2\/tags?post=32380"}],"curies":[{"name":"wp","href":"https:\/\/api.w.org\/{rel}","templated":true}]}}