{"id":32377,"date":"2021-09-10T15:30:28","date_gmt":"2021-09-10T18:30:28","guid":{"rendered":"http:\/\/www.centraldenoticias.com.ar\/?p=32377"},"modified":"2021-09-10T17:50:25","modified_gmt":"2021-09-10T20:50:25","slug":"ya-hay-23-anotados-para-las-viviendas-tuvi-industrializadas","status":"publish","type":"post","link":"https:\/\/cdnoticias.com\/index.php\/2021\/09\/10\/ya-hay-23-anotados-para-las-viviendas-tuvi-industrializadas\/","title":{"rendered":"Ya hay 23 anotados para las viviendas Tuvi industrializadas"},"content":{"rendered":"<p>Comenz\u00f3 la inscripci\u00f3n para el acceso a la licitaci\u00f3n de estas casas. C\u00f3mo acceder y los requisitos que se solicitan.<!--more--><\/p>\n<hr \/>\n<p><a href=\"https:\/\/cdnoticias.com\/index.php\/2021\/09\/04\/este-lunes-comienza-la-inscripcion-para-las-tuvi-industrializadas\/\" target=\"_blank\" rel=\"noopener\">El lunes comenz\u00f3 la inscripci\u00f3n para las Tuvi industrializadas<\/a>: el Plan Municipal de Viviendas TUVI, que en esta oportunidad <strong>ser\u00e1 para 20 casas de construcci\u00f3n industrializada.<\/strong><\/p>\n<p>&nbsp;<\/p>\n<blockquote><p>En estos cuatro d\u00edas se anotaron 23 vecinos de Olavarr\u00eda que completaron la solicitud.<\/p><\/blockquote>\n<p>&nbsp;<\/p>\n<p>Los aspirantes interesados<a href=\"https:\/\/gobiernoabierto.olavarria.gov.ar\/rdh\/\" target=\"_blank\" rel=\"noopener\"> deber\u00e1n estar inscriptos en el Registro de Demanda Habitacional<\/a> con usuario y contrase\u00f1a e ingresar al bot\u00f3n que se encuentra en la esquina superior derecha de la pantalla que dice: <a href=\"http:\/\/186.0.181.253:8081\/rdh\/sesion\/iniciar.jsp\" target=\"_blank\" rel=\"noopener\">\u201cProgramas Habitacionales Vigentes\u201d<\/a>.<\/p>\n<p>&nbsp;<\/p>\n<p>Cuando la adhesi\u00f3n es satisfactoria, <strong>cada anotado recibir\u00e1 un n\u00famero de aspirante por email, con el cual se va a identificar en todo el camino de la licitaci\u00f3n<\/strong>. Asimismo, se enviar\u00e1 informaci\u00f3n sobre c\u00f3mo continuar el proceso. <em>\u201cEs importante que el correo electr\u00f3nico sea v\u00e1lido y accesible por el aspirante, dado que va a ser nuestro canal de comunicaci\u00f3n\u201d<\/em> se indic\u00f3 desde la Municipalidad.<\/p>\n<p>&nbsp;<\/p>\n<p><img data-recalc-dims=\"1\" loading=\"lazy\" decoding=\"async\" class=\"size-large wp-image-27868 aligncenter\" src=\"https:\/\/i0.wp.com\/cdnoticias.com\/wp-content\/uploads\/2021\/07\/Obras-TuVI-1-scaled.jpg?resize=800%2C534&#038;ssl=1\" alt=\"\" width=\"800\" height=\"534\" srcset=\"https:\/\/i0.wp.com\/cdnoticias.com\/wp-content\/uploads\/2021\/07\/Obras-TuVI-1-scaled.jpg?resize=1024%2C684&amp;ssl=1 1024w, https:\/\/i0.wp.com\/cdnoticias.com\/wp-content\/uploads\/2021\/07\/Obras-TuVI-1-scaled.jpg?resize=300%2C201&amp;ssl=1 300w, https:\/\/i0.wp.com\/cdnoticias.com\/wp-content\/uploads\/2021\/07\/Obras-TuVI-1-scaled.jpg?resize=768%2C513&amp;ssl=1 768w, https:\/\/i0.wp.com\/cdnoticias.com\/wp-content\/uploads\/2021\/07\/Obras-TuVI-1-scaled.jpg?resize=272%2C182&amp;ssl=1 272w, https:\/\/i0.wp.com\/cdnoticias.com\/wp-content\/uploads\/2021\/07\/Obras-TuVI-1-scaled.jpg?w=1600&amp;ssl=1 1600w, https:\/\/i0.wp.com\/cdnoticias.com\/wp-content\/uploads\/2021\/07\/Obras-TuVI-1-scaled.jpg?w=2400&amp;ssl=1 2400w\" sizes=\"auto, (max-width: 800px) 100vw, 800px\" \/><\/p>\n<p>&nbsp;<\/p>\n<blockquote><p>\u201cEstamos con mucha expectativa con este nuevo plan que ofrece una alternativa diferente a las casas de construcci\u00f3n tradicional\u201d, sostuvo el intendente Ezequiel Galli.<\/p><\/blockquote>\n<p>&nbsp;<\/p>\n<p>Adem\u00e1s, remarc\u00f3 que \u201c<strong>encontramos muy buena respuesta al inicio del plan<\/strong> y estamos convencidos que el programa TUVI lleg\u00f3 para quedarse en Olavarr\u00eda porque la principal caracter\u00edstica que tiene es que es a largo plazo\u201d.<\/p>\n<p>&nbsp;<\/p>\n<p>Dentro de los requisitos para adherirse al plan,<strong> el grupo familiar deber\u00e1 contar con ingresos de entre 3 y 8 SMVM y la cuota inicial de la vivienda, al entreg\u00e1rsele la llave, ser\u00e1 de $21 mil (aproximadamente)<\/strong>.<\/p>\n<p>&nbsp;<\/p>\n<p>Por consultas e inquietudes, comunicarse a <a href=\"mailto:tuvi@olavarria.gov.ar\">tuvi@olavarria.gov.ar<\/a><\/p>\n<p>&nbsp;<\/p>\n<p>Cabe recordar que <a href=\"https:\/\/cdnoticias.com\/index.php\/2021\/08\/02\/plan-tu-vi-finalizo-la-inscripcion-con-129-anotados\/\" target=\"_blank\" rel=\"noopener\">el \u00faltimo d\u00eda de julio cerr\u00f3 la inscripci\u00f3n para las primeras 20 viviendas del Plan Tu.Vi<\/a>, de construcci\u00f3n tradicional, y <strong>alcanz\u00f3 a 129 adheridos<\/strong>. Las obras ya dieron comienzo en el <strong>barrio Pikelado<\/strong> para esta construcci\u00f3n.<\/p>\n","protected":false},"excerpt":{"rendered":"<p>Comenz\u00f3 la inscripci\u00f3n para el acceso a la licitaci\u00f3n de estas casas. C\u00f3mo acceder y los requisitos que se solicitan.<\/p>\n","protected":false},"author":4,"featured_media":27867,"comment_status":"closed","ping_status":"closed","sticky":false,"template":"","format":"standard","meta":{"_jetpack_memberships_contains_paid_content":false,"footnotes":""},"categories":[5,1],"tags":[],"class_list":["post-32377","post","type-post","status-publish","format-standard","has-post-thumbnail","hentry","category-informacion-general","category-portada"],"jetpack_featured_media_url":"https:\/\/i0.wp.com\/cdnoticias.com\/wp-content\/uploads\/2021\/07\/Obras-TuVI-2-scaled.jpg?fit=2560%2C1711&ssl=1","jetpack_sharing_enabled":true,"_links":{"self":[{"href":"https:\/\/cdnoticias.com\/index.php\/wp-json\/wp\/v2\/posts\/32377","targetHints":{"allow":["GET"]}}],"collection":[{"href":"https:\/\/cdnoticias.com\/index.php\/wp-json\/wp\/v2\/posts"}],"about":[{"href":"https:\/\/cdnoticias.com\/index.php\/wp-json\/wp\/v2\/types\/post"}],"author":[{"embeddable":true,"href":"https:\/\/cdnoticias.com\/index.php\/wp-json\/wp\/v2\/users\/4"}],"replies":[{"embeddable":true,"href":"https:\/\/cdnoticias.com\/index.php\/wp-json\/wp\/v2\/comments?post=32377"}],"version-history":[{"count":0,"href":"https:\/\/cdnoticias.com\/index.php\/wp-json\/wp\/v2\/posts\/32377\/revisions"}],"wp:featuredmedia":[{"embeddable":true,"href":"https:\/\/cdnoticias.com\/index.php\/wp-json\/wp\/v2\/media\/27867"}],"wp:attachment":[{"href":"https:\/\/cdnoticias.com\/index.php\/wp-json\/wp\/v2\/media?parent=32377"}],"wp:term":[{"taxonomy":"category","embeddable":true,"href":"https:\/\/cdnoticias.com\/index.php\/wp-json\/wp\/v2\/categories?post=32377"},{"taxonomy":"post_tag","embeddable":true,"href":"https:\/\/cdnoticias.com\/index.php\/wp-json\/wp\/v2\/tags?post=32377"}],"curies":[{"name":"wp","href":"https:\/\/api.w.org\/{rel}","templated":true}]}}