{"id":32375,"date":"2021-09-10T11:10:22","date_gmt":"2021-09-10T14:10:22","guid":{"rendered":"http:\/\/www.centraldenoticias.com.ar\/?p=32375"},"modified":"2021-09-10T11:10:22","modified_gmt":"2021-09-10T14:10:22","slug":"el-centro-de-documentacion-rapida-amplia-la-atencion-para-retirar-dnis","status":"publish","type":"post","link":"https:\/\/cdnoticias.com\/index.php\/2021\/09\/10\/el-centro-de-documentacion-rapida-amplia-la-atencion-para-retirar-dnis\/","title":{"rendered":"El Centro de Documentaci\u00f3n R\u00e1pida ampl\u00eda la atenci\u00f3n para retirar DNIs"},"content":{"rendered":"<p>Este s\u00e1bado la atenci\u00f3n se har\u00e1 de 9 a 15 en la sede de Lavalle 3195. Este viernes la atenci\u00f3n ser\u00e1 hasta las 14.<!--more--><\/p>\n<hr \/>\n<p><strong>Desde el organismo informaron que este s\u00e1bado estar\u00e1n abiertos hasta m\u00e1s tarde para que las personas se acerquen a retiran los DNIs tramitados<\/strong> y este viernes contin\u00faan en su horario habitual hasta las 14.<\/p>\n<p>&nbsp;<\/p>\n<p>La novedad se enmarca en la proximidad de las <strong>elecciones Primarias<\/strong> a celebrarse este domingo.<\/p>\n<p>&nbsp;<\/p>\n<blockquote><p>Cabe recordar que para votar es necesario asistir con el \u00faltimo ejemplar que cada persona tenga registrado. \u201cEs decir si realizaste la actualizaci\u00f3n del DNI no podes ir con una versi\u00f3n anterior, por tal motivo se invita a todos los que hayan tramitado su documento que pasen a retirarlo\u201d se inform\u00f3 desde el Renaper.<\/p><\/blockquote>\n<p>&nbsp;<\/p>\n<p>La oficina del Renaper ubicada en <strong>Lavalle 3195<\/strong> estar\u00e1 abierta este viernes hasta las 14 horas y <strong>ma\u00f1ana s\u00e1bado de 9 a 15.<\/strong><\/p>\n","protected":false},"excerpt":{"rendered":"<p>Este s\u00e1bado la atenci\u00f3n se har\u00e1 de 9 a 15 en la sede de Lavalle 3195. Este viernes la atenci\u00f3n<\/p>\n","protected":false},"author":4,"featured_media":12138,"comment_status":"closed","ping_status":"closed","sticky":false,"template":"","format":"standard","meta":{"_jetpack_memberships_contains_paid_content":false,"footnotes":""},"categories":[5,1],"tags":[],"class_list":["post-32375","post","type-post","status-publish","format-standard","has-post-thumbnail","hentry","category-informacion-general","category-portada"],"jetpack_featured_media_url":"https:\/\/i0.wp.com\/cdnoticias.com\/wp-content\/uploads\/2021\/01\/Jornda-s%C3%A1bado-Joven.jpg?fit=1024%2C594&ssl=1","jetpack_sharing_enabled":true,"_links":{"self":[{"href":"https:\/\/cdnoticias.com\/index.php\/wp-json\/wp\/v2\/posts\/32375","targetHints":{"allow":["GET"]}}],"collection":[{"href":"https:\/\/cdnoticias.com\/index.php\/wp-json\/wp\/v2\/posts"}],"about":[{"href":"https:\/\/cdnoticias.com\/index.php\/wp-json\/wp\/v2\/types\/post"}],"author":[{"embeddable":true,"href":"https:\/\/cdnoticias.com\/index.php\/wp-json\/wp\/v2\/users\/4"}],"replies":[{"embeddable":true,"href":"https:\/\/cdnoticias.com\/index.php\/wp-json\/wp\/v2\/comments?post=32375"}],"version-history":[{"count":0,"href":"https:\/\/cdnoticias.com\/index.php\/wp-json\/wp\/v2\/posts\/32375\/revisions"}],"wp:featuredmedia":[{"embeddable":true,"href":"https:\/\/cdnoticias.com\/index.php\/wp-json\/wp\/v2\/media\/12138"}],"wp:attachment":[{"href":"https:\/\/cdnoticias.com\/index.php\/wp-json\/wp\/v2\/media?parent=32375"}],"wp:term":[{"taxonomy":"category","embeddable":true,"href":"https:\/\/cdnoticias.com\/index.php\/wp-json\/wp\/v2\/categories?post=32375"},{"taxonomy":"post_tag","embeddable":true,"href":"https:\/\/cdnoticias.com\/index.php\/wp-json\/wp\/v2\/tags?post=32375"}],"curies":[{"name":"wp","href":"https:\/\/api.w.org\/{rel}","templated":true}]}}