{"id":32278,"date":"2021-09-10T15:13:11","date_gmt":"2021-09-10T18:13:11","guid":{"rendered":"http:\/\/www.centraldenoticias.com.ar\/?p=32278"},"modified":"2021-09-10T15:13:11","modified_gmt":"2021-09-10T18:13:11","slug":"martin-hache-presentara-su-tercer-disco-en-el-teatro-municipal","status":"publish","type":"post","link":"https:\/\/cdnoticias.com\/index.php\/2021\/09\/10\/martin-hache-presentara-su-tercer-disco-en-el-teatro-municipal\/","title":{"rendered":"Mart\u00edn Hache presentar\u00e1 su tercer disco en el Teatro Municipal"},"content":{"rendered":"<p>Se presentar\u00e1 el pr\u00f3ximo en jueves 23 de septiembre a las 21:00.\u00a0La entrada general tiene un valor de $ 700. La venta se realiza en efectivo.<!--more--><\/p>\n<hr \/>\n<p>&nbsp;<\/p>\n<p><strong>Mart\u00edn Hache<\/strong> presentar\u00e1 <strong>su tercer disco<em> \u201cAlmas de destrucci\u00f3n pasiva\u201d<\/em><\/strong> el pr\u00f3ximo<strong> jueves 23 de septiembre<\/strong> a las <strong>21:00 <\/strong>en el<strong> Teatro Municipal.<\/strong><\/p>\n<p>&nbsp;<\/p>\n<p>Junto a su <strong>banda<\/strong> conformada por <strong>Agust\u00edn Ramos en bater\u00eda<\/strong>, <strong>Tati Freites en bajo<\/strong> y <strong>Marcos Gainza en guitarra y teclados<\/strong>, repasar\u00e1n canciones que abarcan <strong>6 discos y 20 a\u00f1os de carrera<\/strong>, incluyendo por primera vez y en exclusiva, las de su <strong>\u00faltimo \u00e1lbum<\/strong> previsto para su<strong> lanzamiento oficial en octubre de este a\u00f1o<\/strong>.<\/p>\n<p>&nbsp;<\/p>\n<p>La presentaci\u00f3n ser\u00e1 la <strong>vuelta a los escenarios<\/strong> despu\u00e9s de una<strong> serie de shows<\/strong> que abarcaron desde <strong>2017 a 2020<\/strong>, entre los que se destacan el reconocido festival <strong>Ciudad Emergente en La Usina del Arte<\/strong>, la participaci\u00f3n en el concurso <strong>Camino a Abbey Road<\/strong> y la <strong>Fiesta Aniversario 152<\/strong> <strong>de<\/strong> <strong>Olavarr\u00eda<\/strong>, adem\u00e1s de conciertos en diversos bares y salas de espect\u00e1culos.<\/p>\n<p>&nbsp;<\/p>\n<p>La<strong> entrada general tiene un valor de $ 700<\/strong>. La venta se realiza en<strong> efectivo<\/strong>. Los interesados en adquirir entradas podr\u00e1n acercarse a la <strong>boleter\u00eda del Teatro<\/strong>, de <strong>lunes a viernes de 08:00 a 12:00.<\/strong><\/p>\n<p>&nbsp;<\/p>\n","protected":false},"excerpt":{"rendered":"<p>Se presentar\u00e1 el pr\u00f3ximo en jueves 23 de septiembre a las 21:00.\u00a0La entrada general tiene un valor de $ 700.<\/p>\n","protected":false},"author":6,"featured_media":32283,"comment_status":"closed","ping_status":"closed","sticky":false,"template":"","format":"standard","meta":{"_jetpack_memberships_contains_paid_content":false,"footnotes":""},"categories":[9,1],"tags":[],"class_list":["post-32278","post","type-post","status-publish","format-standard","has-post-thumbnail","hentry","category-cultura","category-portada"],"jetpack_featured_media_url":"https:\/\/i0.wp.com\/cdnoticias.com\/wp-content\/uploads\/2021\/09\/Cultura-Martin-Hache-1024x682.jpg?fit=1024%2C682&ssl=1","jetpack_sharing_enabled":true,"_links":{"self":[{"href":"https:\/\/cdnoticias.com\/index.php\/wp-json\/wp\/v2\/posts\/32278","targetHints":{"allow":["GET"]}}],"collection":[{"href":"https:\/\/cdnoticias.com\/index.php\/wp-json\/wp\/v2\/posts"}],"about":[{"href":"https:\/\/cdnoticias.com\/index.php\/wp-json\/wp\/v2\/types\/post"}],"author":[{"embeddable":true,"href":"https:\/\/cdnoticias.com\/index.php\/wp-json\/wp\/v2\/users\/6"}],"replies":[{"embeddable":true,"href":"https:\/\/cdnoticias.com\/index.php\/wp-json\/wp\/v2\/comments?post=32278"}],"version-history":[{"count":0,"href":"https:\/\/cdnoticias.com\/index.php\/wp-json\/wp\/v2\/posts\/32278\/revisions"}],"wp:featuredmedia":[{"embeddable":true,"href":"https:\/\/cdnoticias.com\/index.php\/wp-json\/wp\/v2\/media\/32283"}],"wp:attachment":[{"href":"https:\/\/cdnoticias.com\/index.php\/wp-json\/wp\/v2\/media?parent=32278"}],"wp:term":[{"taxonomy":"category","embeddable":true,"href":"https:\/\/cdnoticias.com\/index.php\/wp-json\/wp\/v2\/categories?post=32278"},{"taxonomy":"post_tag","embeddable":true,"href":"https:\/\/cdnoticias.com\/index.php\/wp-json\/wp\/v2\/tags?post=32278"}],"curies":[{"name":"wp","href":"https:\/\/api.w.org\/{rel}","templated":true}]}}