{"id":32222,"date":"2021-09-08T21:33:38","date_gmt":"2021-09-09T00:33:38","guid":{"rendered":"http:\/\/www.centraldenoticias.com.ar\/?p=32222"},"modified":"2021-09-08T21:34:07","modified_gmt":"2021-09-09T00:34:07","slug":"domingo-atilio-vivacqua-lucho-q-e-p-d","status":"publish","type":"post","link":"https:\/\/cdnoticias.com\/index.php\/2021\/09\/08\/domingo-atilio-vivacqua-lucho-q-e-p-d\/","title":{"rendered":"Domingo Atilio Vivacqua &#8221;lucho&#8221; (Q.E.P.D.)"},"content":{"rendered":"<p>Falleci\u00f3 en Olavarr\u00eda el d\u00eda 8 de\u00a0 Septiembre de 2021 a los 99 a\u00f1os de edad.<\/p>\n<p>&nbsp;<\/p>\n<p>Sus hijos Ra\u00fal Alberto y Susana Mabel, su nuera Elsa Nora Guti\u00e9rrez, su yerno Oscar Dumerauf, sus nietos Diego Sebasti\u00e1n, Ramiro y Celeste Vivacqua; Lorena , Dami\u00e1n y\u00a0German Dumerauf, sus nietos pol\u00edticos, sus bisnietos Bastian, Alba, Solana, I\u00f1aki y dem\u00e1s deudos participan de su\u00a0fallecimiento.<\/p>\n<p>&nbsp;<\/p>\n<p>No se realiza velatorio. Sus restos ser\u00e1n inhumados este jueves desde las 10:30 en el cementerio Loma De Paz. Servicio adherido a Coopelectric.<\/p>\n<p>Vivi\u00f3 toda su vida en el barrio San Vicente.\u00a0Jubilado<\/p>\n","protected":false},"excerpt":{"rendered":"<p>Falleci\u00f3 en Olavarr\u00eda el d\u00eda 8 de\u00a0 Septiembre de 2021 a los 99 a\u00f1os de edad. &nbsp; Sus hijos Ra\u00fal<\/p>\n","protected":false},"author":3,"featured_media":0,"comment_status":"closed","ping_status":"closed","sticky":false,"template":"","format":"standard","meta":{"_jetpack_memberships_contains_paid_content":false,"footnotes":""},"categories":[10],"tags":[],"class_list":["post-32222","post","type-post","status-publish","format-standard","hentry","category-necrologicas"],"jetpack_featured_media_url":"","jetpack_sharing_enabled":true,"_links":{"self":[{"href":"https:\/\/cdnoticias.com\/index.php\/wp-json\/wp\/v2\/posts\/32222","targetHints":{"allow":["GET"]}}],"collection":[{"href":"https:\/\/cdnoticias.com\/index.php\/wp-json\/wp\/v2\/posts"}],"about":[{"href":"https:\/\/cdnoticias.com\/index.php\/wp-json\/wp\/v2\/types\/post"}],"author":[{"embeddable":true,"href":"https:\/\/cdnoticias.com\/index.php\/wp-json\/wp\/v2\/users\/3"}],"replies":[{"embeddable":true,"href":"https:\/\/cdnoticias.com\/index.php\/wp-json\/wp\/v2\/comments?post=32222"}],"version-history":[{"count":0,"href":"https:\/\/cdnoticias.com\/index.php\/wp-json\/wp\/v2\/posts\/32222\/revisions"}],"wp:attachment":[{"href":"https:\/\/cdnoticias.com\/index.php\/wp-json\/wp\/v2\/media?parent=32222"}],"wp:term":[{"taxonomy":"category","embeddable":true,"href":"https:\/\/cdnoticias.com\/index.php\/wp-json\/wp\/v2\/categories?post=32222"},{"taxonomy":"post_tag","embeddable":true,"href":"https:\/\/cdnoticias.com\/index.php\/wp-json\/wp\/v2\/tags?post=32222"}],"curies":[{"name":"wp","href":"https:\/\/api.w.org\/{rel}","templated":true}]}}